{"id":16645,"date":"2025-12-07T20:22:55","date_gmt":"2025-12-07T19:22:55","guid":{"rendered":"https:\/\/terresdemotions.fr\/?p=16645"},"modified":"2026-03-08T20:45:10","modified_gmt":"2026-03-08T19:45:10","slug":"la-grotte-de-loeuf-de-bouc-et-le-souffle-des-cretes","status":"publish","type":"post","link":"https:\/\/terresdemotions.fr\/index.php\/2025\/12\/07\/la-grotte-de-loeuf-de-bouc-et-le-souffle-des-cretes\/","title":{"rendered":"La Grotte de l\u2019\u0152uf de Bouc et le Souffle des Cr\u00eates"},"content":{"rendered":"\n<div class=\"xdj266r x14z9mp xat24cr x1lziwak x1vvkbs x126k92a\">\n<div dir=\"auto\">\n<p data-start=\"116\" data-end=\"519\">Au c\u0153ur du massif de l\u2019Est\u00e9rel, ce matin avait le parfum des r\u00e9cits anciens. Le sentier, rouge comme une braise assoupie, nous a guid\u00e9s vers la myst\u00e9rieuse grotte de l\u2019\u0152uf de Bouc, repli secret sculpt\u00e9 par le temps, o\u00f9 l\u2019on imagine encore l\u2019ombre agile de Gaspard de Besse, le brigand au c\u0153ur l\u00e9ger, chevalier des chemins, qui connaissait ces roches comme on conna\u00eet les replis de sa propre vie.<\/p>\n<p data-start=\"521\" data-end=\"912\">De l\u00e0, nous avons poursuivi notre ascension, la garrigue murmurant sous le vent, jusqu\u2019au Mont Saint-Martin qui se dresse comme un balcon sur deux mondes. Devant nous, les Alpes \u00e9tincelaient d\u2019un blanc presque irr\u00e9el, gardiennes immobiles d\u2019un hiver lointain, tandis que la mer, tr\u00e8s loin, respirait lentement sous la lumi\u00e8re, comme une promesse bleue pos\u00e9e au bord de l\u2019horizon.<\/p>\n<p data-start=\"914\" data-end=\"1197\">Entre ciel et terre, le chemin semblait suspendu, et l\u2019on aurait jur\u00e9 entendre, port\u00e9 par l\u2019air, un dernier \u00e9clat de rire de Gaspard, vagabond libre qui aimait d\u00e9fier l\u2019ordre et les distances, tout comme nous, aujourd\u2019hui, d\u00e9fions la fatigue pour cueillir la beaut\u00e9 du monde.<\/p>\n<\/div>\n<div dir=\"auto\">&nbsp;<\/div>\n<\/div>\n<p data-start=\"1142\" data-end=\"1299\">\ud83d\udcc5 Prochaines randos sur <a class=\"decorated-link\" href=\"http:\/\/terresdemotions.fr\" target=\"_new\" rel=\"noopener\" data-start=\"1167\" data-end=\"1214\">terresdemotions.fr<\/a><\/p>\n<p>&nbsp;<\/p>\nngg_shortcode_0_placeholder\n\n\n\n\n","protected":false},"excerpt":{"rendered":"<p>C\u2019est une marche qui n\u2019a rien d\u2019ordinaire, mais tout d\u2019exceptionnel.<br \/>\nLe d\u00e9part se fait depuis le petit hameau d\u2019Aurent, blotti au confluent de rivi\u00e8res alpines. De l\u00e0, le chemin s\u2019\u00e9l\u00e8ve en longeant le Coulomp, les pieds dans l\u2019eau, laissant appara\u00eetre peu \u00e0 peu des cascades grandioses.<\/p>\n","protected":false},"author":1,"featured_media":16659,"comment_status":"open","ping_status":"open","sticky":false,"template":"","format":"standard","meta":{"_bbp_topic_count":0,"_bbp_reply_count":0,"_bbp_total_topic_count":0,"_bbp_total_reply_count":0,"_bbp_voice_count":0,"_bbp_anonymous_reply_count":0,"_bbp_topic_count_hidden":0,"_bbp_reply_count_hidden":0,"_bbp_forum_subforum_count":0,"content-type":"","_exactmetrics_skip_tracking":false,"_exactmetrics_sitenote_active":false,"_exactmetrics_sitenote_note":"","_exactmetrics_sitenote_category":0,"_monsterinsights_skip_tracking":false,"_monsterinsights_sitenote_active":false,"_monsterinsights_sitenote_note":"","_monsterinsights_sitenote_category":0,"ngg_post_thumbnail":3191,"_price":"","_stock":"","_tribe_ticket_header":"","_tribe_default_ticket_provider":"","_tribe_ticket_capacity":"0","_ticket_start_date":"","_ticket_end_date":"","_tribe_ticket_show_description":"","_tribe_ticket_show_not_going":false,"_tribe_ticket_use_global_stock":"","_tribe_ticket_global_stock_level":"","_global_stock_mode":"","_global_stock_cap":"","_tribe_rsvp_for_event":"","_tribe_ticket_going_count":"","_tribe_ticket_not_going_count":"","_tribe_tickets_list":"[]","_tribe_ticket_has_attendee_info_fields":false,"_jetpack_memberships_contains_paid_content":false,"footnotes":""},"categories":[180,265,267],"tags":[312,803,882],"class_list":["post-16645","post","type-post","status-publish","format-standard","has-post-thumbnail","hentry","category-departements-83-13","category-les-niveaux","category-niveau-2","tag-crete","tag-sommets","tag-vallee"],"jetpack_featured_media_url":"https:\/\/terresdemotions.fr\/wp-content\/uploads\/2025\/12\/DJI_0682-scaled.jpg","jetpack_sharing_enabled":true,"_links":{"self":[{"href":"https:\/\/terresdemotions.fr\/index.php\/wp-json\/wp\/v2\/posts\/16645","targetHints":{"allow":["GET"]}}],"collection":[{"href":"https:\/\/terresdemotions.fr\/index.php\/wp-json\/wp\/v2\/posts"}],"about":[{"href":"https:\/\/terresdemotions.fr\/index.php\/wp-json\/wp\/v2\/types\/post"}],"author":[{"embeddable":true,"href":"https:\/\/terresdemotions.fr\/index.php\/wp-json\/wp\/v2\/users\/1"}],"replies":[{"embeddable":true,"href":"https:\/\/terresdemotions.fr\/index.php\/wp-json\/wp\/v2\/comments?post=16645"}],"version-history":[{"count":2,"href":"https:\/\/terresdemotions.fr\/index.php\/wp-json\/wp\/v2\/posts\/16645\/revisions"}],"predecessor-version":[{"id":16660,"href":"https:\/\/terresdemotions.fr\/index.php\/wp-json\/wp\/v2\/posts\/16645\/revisions\/16660"}],"wp:featuredmedia":[{"embeddable":true,"href":"https:\/\/terresdemotions.fr\/index.php\/wp-json\/wp\/v2\/media\/16659"}],"wp:attachment":[{"href":"https:\/\/terresdemotions.fr\/index.php\/wp-json\/wp\/v2\/media?parent=16645"}],"wp:term":[{"taxonomy":"category","embeddable":true,"href":"https:\/\/terresdemotions.fr\/index.php\/wp-json\/wp\/v2\/categories?post=16645"},{"taxonomy":"post_tag","embeddable":true,"href":"https:\/\/terresdemotions.fr\/index.php\/wp-json\/wp\/v2\/tags?post=16645"}],"curies":[{"name":"wp","href":"https:\/\/api.w.org\/{rel}","templated":true}]}}