{"id":16890,"date":"2026-04-06T10:03:00","date_gmt":"2026-04-06T08:03:00","guid":{"rendered":"https:\/\/terresdemotions.fr\/?p=16890"},"modified":"2026-04-06T10:03:04","modified_gmt":"2026-04-06T08:03:04","slug":"entre-criques-sauvages-et-eaux-turquoise-echappee-vers-les-caps-taillat-et-lardier","status":"publish","type":"post","link":"https:\/\/terresdemotions.fr\/index.php\/2026\/04\/06\/entre-criques-sauvages-et-eaux-turquoise-echappee-vers-les-caps-taillat-et-lardier\/","title":{"rendered":"Entre criques sauvages et eaux turquoise : \u00e9chapp\u00e9e vers les caps Taillat et Lardier"},"content":{"rendered":"\n<p><\/p>\n\n\n\n<div class=\"xdj266r x14z9mp xat24cr x1lziwak x1vvkbs x126k92a\">\n<div dir=\"auto\">\n<div class=\"html-div xdj266r x14z9mp xat24cr x1lziwak xexx8yu xyri2b x18d9i69 x1c1uobl\" dir=\"auto\">\n<div class=\"html-div xdj266r x14z9mp xat24cr x1lziwak xexx8yu xyri2b x18d9i69 x1c1uobl\" data-ad-rendering-role=\"story_message\">\n<div id=\"_r_23g_\" class=\"x1l90r2v x1iorvi4 x1g0dm76 xpdmqnj\" data-ad-comet-preview=\"message\" data-ad-preview=\"message\">\n<div class=\"x78zum5 xdt5ytf xz62fqu x16ldp7u\">\n<div class=\"xu06os2 x1ok221b\">\n<div class=\"html-div xdj266r x14z9mp xat24cr x1lziwak xexx8yu xyri2b x18d9i69 x1c1uobl\">\n<div class=\"xdj266r x14z9mp xat24cr x1lziwak x1vvkbs x126k92a\">\n<div dir=\"auto\">\n<div class=\"html-div xdj266r x14z9mp xat24cr x1lziwak xexx8yu xyri2b x18d9i69 x1c1uobl\" dir=\"auto\">\n<div class=\"html-div xdj266r x14z9mp xat24cr x1lziwak xexx8yu xyri2b x18d9i69 x1c1uobl\" data-ad-rendering-role=\"story_message\">\n<div class=\"x1l90r2v x1iorvi4 x1g0dm76 xpdmqnj\" data-ad-comet-preview=\"message\" data-ad-preview=\"message\">\n<div class=\"x78zum5 xdt5ytf xz62fqu x16ldp7u\">\n<div class=\"xu06os2 x1ok221b\">\n<div class=\"html-div xdj266r x14z9mp xat24cr x1lziwak xexx8yu xyri2b x18d9i69 x1c1uobl\">\n<div class=\"xdj266r x14z9mp xat24cr x1lziwak x1vvkbs x126k92a\">\n<div dir=\"auto\">\n<div class=\"xdj266r x14z9mp xat24cr x1lziwak x1vvkbs x126k92a\">\n<div dir=\"auto\">\n<div class=\"xdj266r x14z9mp xat24cr x1lziwak x1vvkbs x126k92a\">\n<div dir=\"auto\"><span class=\"html-span xdj266r x14z9mp xat24cr x1lziwak xexx8yu xyri2b x18d9i69 x1c1uobl x1hl2dhg x16tdsg8 x1vvkbs\"><a class=\"x1i10hfl xjbqb8w x1ejq31n x18oe1m7 x1sy0etr xstzfhl x972fbf x10w94by x1qhh985 x14e42zd x9f619 x1ypdohk xt0psk2 x3ct3a4 xdj266r x14z9mp xat24cr x1lziwak xexx8yu xyri2b x18d9i69 x1c1uobl x16tdsg8 x1hl2dhg xggy1nq x1a2a7pz xkrqix3 x1sur9pj x1fey0fg x1s688f\" tabindex=\"0\" role=\"link\" href=\"https:\/\/www.facebook.com\/terresdemotionsrandos?__cft__[0]=AZYBwD7mmtcnwqKg4F_PGeaMqTwAaN47EMQox83WSkM0do4nI6qer37RspqsqjASN1fJ_jfb_RY3iCZergKUb_kucO0pNvxAwSKn3e_A480-C7axaLbGSGF93g8EQRgu0OGWounsUgZEH8-FXdLL_ilZ&amp;__tn__=-]K-R\"><span class=\"xt0psk2\"><span class=\"xjp7ctv\">Terresdemotions RandosMercantour<\/span><\/span><\/a><\/span> \u00e9tait \u00e0 cap Taillat le 05\/04 :<\/div>\n<div dir=\"auto\">&nbsp;<\/div>\n<div dir=\"auto\">Une belle journ\u00e9e. Tr\u00e8s vite, le sentier c\u00f4tier se dessine, \u00e9pousant les courbes du rivage. \u00c0 chaque d\u00e9tour, le paysage se r\u00e9v\u00e8le un peu plus spectaculaire : une alternance de rochers, de petites criques discr\u00e8tes et de reliefs vallonn\u00e9s qui donnent du rythme \u00e0 la marche.<\/div>\n<div dir=\"auto\">&nbsp;<\/div>\n<div dir=\"auto\">Quelques marches naturelles viennent ponctuer le parcours, sans jamais casser le plaisir de progresser face \u00e0 la mer.<\/div>\n<div dir=\"auto\">&nbsp;<\/div>\n<\/div>\n<div class=\"x14z9mp xat24cr x1lziwak x1vvkbs xtlvy1s x126k92a\">\n<div dir=\"auto\">L\u2019eau, d\u2019un bleu limpide, attire sans cesse le regard. Par endroits, de petites anses semblent presque priv\u00e9es, invitant \u00e0 s\u2019arr\u00eater, \u00e0 plonger, \u00e0 simplement profiter du moment. Le chemin reste vivant, mais jamais satur\u00e9 : quelques silhouettes au loin, des baigneurs tranquilles, une atmosph\u00e8re calme, presque suspendue.<\/div>\n<div dir=\"auto\">&nbsp;<\/div>\n<\/div>\n<div class=\"x14z9mp xat24cr x1lziwak x1vvkbs xtlvy1s x126k92a\">\n<div dir=\"auto\">Arriv\u00e9 vers le Cap Taillat puis en direction du Cap Lardier, le panorama s\u2019ouvre largement. La mer devient omnipr\u00e9sente, apaisante, presque hypnotique.<\/div>\n<div dir=\"auto\">&nbsp;<\/div>\n<div dir=\"auto\">Un coin tranquille s\u2019impose naturellement pour la pause de midi : un peu d\u2019ombre, et l\u2019\u00e9vidence d\u2019une baignade improvis\u00e9e. L\u2019eau est fra\u00eeche, claire, parfaitement en accord avec la chaleur du soleil.<\/div>\n<div dir=\"auto\">&nbsp;<\/div>\n<\/div>\n<div class=\"x14z9mp xat24cr x1lziwak x1vvkbs xtlvy1s x126k92a\">\n<div dir=\"auto\">Le retour se fait par l\u2019int\u00e9rieur des terres, offrant un contraste bienvenu. Les vignes apparaissent, structur\u00e9es, paisibles, et la lumi\u00e8re de l\u2019apr\u00e8s-midi change la perception du paysage. En revenant vers le Cap Taillat, les couleurs \u00e9voluent : l\u2019eau tire vers un turquoise encore plus intense, les reliefs s\u2019adoucissent, et l\u2019ensemble gagne en profondeur.<\/div>\n<div dir=\"auto\">&nbsp;<\/div>\n<\/div>\n<div class=\"x14z9mp xat24cr x1lziwak x1vvkbs xtlvy1s x126k92a\">\n<div dir=\"auto\">La randonn\u00e9e se conclut simplement, comme elle a commenc\u00e9 : sur la plage, un verre \u00e0 la main, face \u00e0 la mer. Le soleil descend lentement, et l\u2019id\u00e9e de repartir semble presque incongrue. Difficile de quitter un endroit o\u00f9 tout para\u00eet magnifique.<\/div>\n<\/div>\n<\/div>\n<\/div>\n<\/div>\n<\/div>\n<\/div>\n<\/div>\n<\/div>\n<\/div>\n<\/div>\n<\/div>\n<\/div>\n<\/div>\n<\/div>\n<\/div>\n<\/div>\n<\/div>\n<\/div>\n<\/div>\n<\/div>\n<\/div>\nngg_shortcode_0_placeholder\n\n\n\n\n\n\n","protected":false},"excerpt":{"rendered":"<p>C\u2019est une marche qui n\u2019a rien d\u2019ordinaire, mais tout d\u2019exceptionnel.<br \/>\nLe d\u00e9part se fait depuis le petit hameau d\u2019Aurent, blotti au confluent de rivi\u00e8res alpines. De l\u00e0, le chemin s\u2019\u00e9l\u00e8ve en longeant le Coulomp, les pieds dans l\u2019eau, laissant appara\u00eetre peu \u00e0 peu des cascades grandioses.<\/p>\n","protected":false},"author":1,"featured_media":16903,"comment_status":"open","ping_status":"open","sticky":false,"template":"","format":"standard","meta":{"_bbp_topic_count":0,"_bbp_reply_count":0,"_bbp_total_topic_count":0,"_bbp_total_reply_count":0,"_bbp_voice_count":0,"_bbp_anonymous_reply_count":0,"_bbp_topic_count_hidden":0,"_bbp_reply_count_hidden":0,"_bbp_forum_subforum_count":0,"content-type":"","_exactmetrics_skip_tracking":false,"_exactmetrics_sitenote_active":false,"_exactmetrics_sitenote_note":"","_exactmetrics_sitenote_category":0,"_monsterinsights_skip_tracking":false,"_monsterinsights_sitenote_active":false,"_monsterinsights_sitenote_note":"","_monsterinsights_sitenote_category":0,"ngg_post_thumbnail":3191,"_price":"","_stock":"","_tribe_ticket_header":"","_tribe_default_ticket_provider":"","_tribe_ticket_capacity":"0","_ticket_start_date":"","_ticket_end_date":"","_tribe_ticket_show_description":"","_tribe_ticket_show_not_going":false,"_tribe_ticket_use_global_stock":"","_tribe_ticket_global_stock_level":"","_global_stock_mode":"","_global_stock_cap":"","_tribe_rsvp_for_event":"","_tribe_ticket_going_count":"","_tribe_ticket_not_going_count":"","_tribe_tickets_list":"[]","_tribe_ticket_has_attendee_info_fields":false,"_jetpack_memberships_contains_paid_content":false,"footnotes":""},"categories":[180,265,37,267],"tags":[312,803,882],"class_list":["post-16890","post","type-post","status-publish","format-standard","has-post-thumbnail","hentry","category-departements-83-13","category-les-niveaux","category-news","category-niveau-2","tag-crete","tag-sommets","tag-vallee"],"jetpack_featured_media_url":"https:\/\/terresdemotions.fr\/wp-content\/uploads\/2026\/04\/IMG_20260405_100639-scaled.jpg","jetpack_sharing_enabled":true,"_links":{"self":[{"href":"https:\/\/terresdemotions.fr\/index.php\/wp-json\/wp\/v2\/posts\/16890","targetHints":{"allow":["GET"]}}],"collection":[{"href":"https:\/\/terresdemotions.fr\/index.php\/wp-json\/wp\/v2\/posts"}],"about":[{"href":"https:\/\/terresdemotions.fr\/index.php\/wp-json\/wp\/v2\/types\/post"}],"author":[{"embeddable":true,"href":"https:\/\/terresdemotions.fr\/index.php\/wp-json\/wp\/v2\/users\/1"}],"replies":[{"embeddable":true,"href":"https:\/\/terresdemotions.fr\/index.php\/wp-json\/wp\/v2\/comments?post=16890"}],"version-history":[{"count":1,"href":"https:\/\/terresdemotions.fr\/index.php\/wp-json\/wp\/v2\/posts\/16890\/revisions"}],"predecessor-version":[{"id":16904,"href":"https:\/\/terresdemotions.fr\/index.php\/wp-json\/wp\/v2\/posts\/16890\/revisions\/16904"}],"wp:featuredmedia":[{"embeddable":true,"href":"https:\/\/terresdemotions.fr\/index.php\/wp-json\/wp\/v2\/media\/16903"}],"wp:attachment":[{"href":"https:\/\/terresdemotions.fr\/index.php\/wp-json\/wp\/v2\/media?parent=16890"}],"wp:term":[{"taxonomy":"category","embeddable":true,"href":"https:\/\/terresdemotions.fr\/index.php\/wp-json\/wp\/v2\/categories?post=16890"},{"taxonomy":"post_tag","embeddable":true,"href":"https:\/\/terresdemotions.fr\/index.php\/wp-json\/wp\/v2\/tags?post=16890"}],"curies":[{"name":"wp","href":"https:\/\/api.w.org\/{rel}","templated":true}]}}