{"id":17199,"date":"2026-08-30T21:28:07","date_gmt":"2026-08-30T19:28:07","guid":{"rendered":"https:\/\/terresdemotions.fr\/?p=17199"},"modified":"2026-08-30T21:28:09","modified_gmt":"2026-08-30T19:28:09","slug":"les-lacs-aver-une-randonnee-entre-ciel-et-montagnes","status":"publish","type":"post","link":"https:\/\/terresdemotions.fr\/index.php\/2026\/08\/30\/les-lacs-aver-une-randonnee-entre-ciel-et-montagnes\/","title":{"rendered":"Les lacs Aver : une randonn\u00e9e entre ciel et montagnes"},"content":{"rendered":"\n\n\n\n\n<p class=\"wp-block-paragraph\">Quelle belle journ\u00e9e pour cette randonn\u00e9e aux <strong>lacs Aver<\/strong> !<\/p>\n\n\n\n<p class=\"wp-block-paragraph\">Sous un <strong>super beau temps<\/strong>, nous avons profit\u00e9 d\u2019un magnifique panorama tout au long du parcours, avec de belles vues plongeantes aussi bien sur les paysages fran\u00e7ais qu\u2019italiens. Un d\u00e9cor grandiose qui nous a accompagn\u00e9s pendant toute la randonn\u00e9e.<\/p>\n\n\n\n<p class=\"wp-block-paragraph\">Le parcours s\u2019est toutefois montr\u00e9 <strong>exigeant, notamment dans les mont\u00e9es<\/strong>. Pour certains, cette sortie marquait une reprise et les jambes ont parfois rappel\u00e9 que les vacances ou la pause avaient laiss\u00e9 quelques traces ! Mais chacun a avanc\u00e9 \u00e0 son rythme et, malgr\u00e9 les efforts, tout le monde a gard\u00e9 le sourire.<\/p>\n\n\n\n<p class=\"wp-block-paragraph\">Arriv\u00e9s au <strong>lac Aver Sottano<\/strong>, nous avons largement m\u00e9rit\u00e9 notre pause d\u00e9jeuner. Un cadre id\u00e9al pour reprendre des forces, profiter du soleil et admirer tranquillement les montagnes qui nous entouraient.<\/p>\n\n\n\n<p class=\"wp-block-paragraph\">Et comme souvent en montagne, la nature nous a r\u00e9serv\u00e9 quelques belles rencontres : <strong>les marmottes \u00e9taient au rendez-vous<\/strong>, ajoutant une petite touche sauvage et sympathique \u00e0 cette journ\u00e9e.<\/p>\n\n\n\n<p class=\"wp-block-paragraph\">Au final, une randonn\u00e9e sportive avec de belles mont\u00e9es, mais surtout <strong>de magnifiques paysages, de bons moments partag\u00e9s et le plaisir de se retrouver en pleine montagne<\/strong>.<\/p>\n\n\n\n<p class=\"wp-block-paragraph\">Pour certains, la reprise a \u00e9t\u00e9 un peu difficile\u2026 mais <strong>tout le monde a bien profit\u00e9 du moment<\/strong>, et c\u2019est bien l\u00e0 l\u2019essentiel !<\/p>\n\n\n\n<p class=\"wp-block-paragraph\">Une tr\u00e8s belle journ\u00e9e aux lacs Aver, entre effort, paysages et convivialit\u00e9.<\/p>\n\n\n\nngg_shortcode_0_placeholder\n","protected":false},"excerpt":{"rendered":"<p>Quelle belle journ\u00e9e pour cette randonn\u00e9e aux lacs Aver ! Sous un super beau temps, nous avons profit\u00e9 d\u2019un magnifique panorama tout au long du parcours, avec de belles vues plongeantes aussi bien sur les paysages fran\u00e7ais qu\u2019italiens. Un d\u00e9cor grandiose qui nous a accompagn\u00e9s pendant toute la randonn\u00e9e. Le parcours s\u2019est toutefois montr\u00e9 exigeant, [&hellip;]<\/p>\n","protected":false},"author":1,"featured_media":17200,"comment_status":"open","ping_status":"open","sticky":false,"template":"","format":"standard","meta":{"_bbp_topic_count":0,"_bbp_reply_count":0,"_bbp_total_topic_count":0,"_bbp_total_reply_count":0,"_bbp_voice_count":0,"_bbp_anonymous_reply_count":0,"_bbp_topic_count_hidden":0,"_bbp_reply_count_hidden":0,"_bbp_forum_subforum_count":0,"content-type":"","_exactmetrics_skip_tracking":false,"_monsterinsights_skip_tracking":false,"ngg_post_thumbnail":3191,"_price":"","_stock":"","_tribe_ticket_header":"","_tribe_default_ticket_provider":"","_tribe_ticket_capacity":"0","_ticket_start_date":"","_ticket_end_date":"","_tribe_ticket_show_description":"","_tribe_ticket_show_not_going":false,"_tribe_ticket_use_global_stock":"","_tribe_ticket_global_stock_level":"","_global_stock_mode":"","_global_stock_cap":"","_tribe_rsvp_for_event":"","_tribe_ticket_going_count":"","_tribe_ticket_not_going_count":"","_tribe_tickets_list":"[]","_tribe_ticket_has_attendee_info_fields":false,"_jetpack_newsletter_access":"","_jetpack_dont_email_post_to_subs":false,"_jetpack_newsletter_tier_id":0,"_jetpack_memberships_contains_paywalled_content":false,"_jetpack_feature_clip_id":0,"_jetpack_memberships_contains_paid_content":false,"footnotes":"","jetpack_post_was_ever_published":false},"categories":[181,37,268],"tags":[312,666,803,882],"class_list":["post-17199","post","type-post","status-publish","format-standard","has-post-thumbnail","hentry","category-italie","category-news","category-niveau-3","tag-crete","tag-riviere","tag-sommets","tag-vallee"],"jetpack_sharing_enabled":true,"jetpack_featured_media_url":"https:\/\/terresdemotions.fr\/wp-content\/uploads\/2026\/08\/IMG_20260830_121520-scaled.jpg","_links":{"self":[{"href":"https:\/\/terresdemotions.fr\/index.php\/wp-json\/wp\/v2\/posts\/17199","targetHints":{"allow":["GET"]}}],"collection":[{"href":"https:\/\/terresdemotions.fr\/index.php\/wp-json\/wp\/v2\/posts"}],"about":[{"href":"https:\/\/terresdemotions.fr\/index.php\/wp-json\/wp\/v2\/types\/post"}],"author":[{"embeddable":true,"href":"https:\/\/terresdemotions.fr\/index.php\/wp-json\/wp\/v2\/users\/1"}],"replies":[{"embeddable":true,"href":"https:\/\/terresdemotions.fr\/index.php\/wp-json\/wp\/v2\/comments?post=17199"}],"version-history":[{"count":1,"href":"https:\/\/terresdemotions.fr\/index.php\/wp-json\/wp\/v2\/posts\/17199\/revisions"}],"predecessor-version":[{"id":17201,"href":"https:\/\/terresdemotions.fr\/index.php\/wp-json\/wp\/v2\/posts\/17199\/revisions\/17201"}],"wp:featuredmedia":[{"embeddable":true,"href":"https:\/\/terresdemotions.fr\/index.php\/wp-json\/wp\/v2\/media\/17200"}],"wp:attachment":[{"href":"https:\/\/terresdemotions.fr\/index.php\/wp-json\/wp\/v2\/media?parent=17199"}],"wp:term":[{"taxonomy":"category","embeddable":true,"href":"https:\/\/terresdemotions.fr\/index.php\/wp-json\/wp\/v2\/categories?post=17199"},{"taxonomy":"post_tag","embeddable":true,"href":"https:\/\/terresdemotions.fr\/index.php\/wp-json\/wp\/v2\/tags?post=17199"}],"curies":[{"name":"wp","href":"https:\/\/api.w.org\/{rel}","templated":true}]}}