{"id":3160,"date":"2018-03-04T08:47:20","date_gmt":"2018-03-04T07:47:20","guid":{"rendered":"http:\/\/clubrando06.com\/?p=3160"},"modified":"2018-03-19T19:17:34","modified_gmt":"2018-03-19T18:17:34","slug":"vallon-de-la-roche-trouee","status":"publish","type":"post","link":"https:\/\/terresdemotions.fr\/index.php\/2018\/03\/04\/vallon-de-la-roche-trouee\/","title":{"rendered":"Vallon de la roche trou\u00e9e"},"content":{"rendered":"<p><a href=\"https:\/\/www.eventbrite.fr\/e\/billets-programme-clubrando06-2018-9958402851?ref=ebtn\" target=\"_blank\" rel=\"noopener\"><img decoding=\"async\" src=\"https:\/\/www.eventbrite.fr\/custombutton?eid=9958402851\" alt=\"Eventbrite - Programme clubrando06 : 2018\"><\/a><\/p>\n<p>L&rsquo;audace d&rsquo;avoir confirm\u00e9 une randonn\u00e9e par une pr\u00e9vision m\u00e9t\u00e9o al\u00e9atoire, largement r\u00e9compens\u00e9e par de tr\u00e8s belles conditions dans le Vallon de la Roche Trou\u00e9e. Deux groupes men\u00e9s par Marc et Fabrice, pour satisfaire tous les niveaux et profiter du charme bucolique du torrent pr\u00e8s des cabanes de Sanguinieres. Une mont\u00e9e sportive pour certains pour d\u00e9jeuner \u00e0 proximit\u00e9 du Col de la Roche Trou\u00e9e, des anecdotes in\u00e9dites sur la faune sauvage par un guide passionn\u00e9 pour d&rsquo;autres. Toutes les ambiances m\u00e9t\u00e9o en une seule journ\u00e9e, pour terminer par un go\u00fbter au refuge de la Cantonni\u00e8re.<\/p>\nngg_shortcode_0_placeholder\n","protected":false},"excerpt":{"rendered":"<p>L&rsquo;audace d&rsquo;avoir confirm\u00e9 une randonn\u00e9e par une pr\u00e9vision m\u00e9t\u00e9o al\u00e9atoire, largement r\u00e9compens\u00e9e par de tr\u00e8s belles conditions dans le Vallon de la Roche Trou\u00e9e. Deux groupes men\u00e9s par Marc et Fabrice, pour satisfaire tous les niveaux et profiter du charme bucolique du torrent pr\u00e8s des cabanes de Sanguinieres. Une mont\u00e9e sportive pour certains pour d\u00e9jeuner [&hellip;]<\/p>\n","protected":false},"author":1,"featured_media":3166,"comment_status":"open","ping_status":"open","sticky":false,"template":"","format":"standard","meta":{"_bbp_topic_count":0,"_bbp_reply_count":0,"_bbp_total_topic_count":0,"_bbp_total_reply_count":0,"_bbp_voice_count":0,"_bbp_anonymous_reply_count":0,"_bbp_topic_count_hidden":0,"_bbp_reply_count_hidden":0,"_bbp_forum_subforum_count":0,"content-type":"","_exactmetrics_skip_tracking":false,"_exactmetrics_sitenote_active":false,"_exactmetrics_sitenote_note":"","_exactmetrics_sitenote_category":0,"_monsterinsights_skip_tracking":false,"_monsterinsights_sitenote_active":false,"_monsterinsights_sitenote_note":"","_monsterinsights_sitenote_category":0,"ngg_post_thumbnail":0,"_price":"","_stock":"","_tribe_ticket_header":"","_tribe_default_ticket_provider":"","_tribe_ticket_capacity":"0","_ticket_start_date":"","_ticket_end_date":"","_tribe_ticket_show_description":"","_tribe_ticket_show_not_going":false,"_tribe_ticket_use_global_stock":"","_tribe_ticket_global_stock_level":"","_global_stock_mode":"","_global_stock_cap":"","_tribe_rsvp_for_event":"","_tribe_ticket_going_count":"","_tribe_ticket_not_going_count":"","_tribe_tickets_list":"[]","_tribe_ticket_has_attendee_info_fields":false,"_jetpack_memberships_contains_paid_content":false,"footnotes":""},"categories":[3,265,267,268,42,39,1],"tags":[],"class_list":["post-3160","post","type-post","status-publish","format-standard","has-post-thumbnail","hentry","category-haute-vallee-du-var","category-les-niveaux","category-niveau-2","category-niveau-3","category-randonnee","category-raquettes-a-neige","category-vallee-du-var"],"jetpack_featured_media_url":"https:\/\/terresdemotions.fr\/wp-content\/uploads\/ngg_featured\/20180225_144803.jpg","jetpack_sharing_enabled":true,"_links":{"self":[{"href":"https:\/\/terresdemotions.fr\/index.php\/wp-json\/wp\/v2\/posts\/3160","targetHints":{"allow":["GET"]}}],"collection":[{"href":"https:\/\/terresdemotions.fr\/index.php\/wp-json\/wp\/v2\/posts"}],"about":[{"href":"https:\/\/terresdemotions.fr\/index.php\/wp-json\/wp\/v2\/types\/post"}],"author":[{"embeddable":true,"href":"https:\/\/terresdemotions.fr\/index.php\/wp-json\/wp\/v2\/users\/1"}],"replies":[{"embeddable":true,"href":"https:\/\/terresdemotions.fr\/index.php\/wp-json\/wp\/v2\/comments?post=3160"}],"version-history":[{"count":6,"href":"https:\/\/terresdemotions.fr\/index.php\/wp-json\/wp\/v2\/posts\/3160\/revisions"}],"predecessor-version":[{"id":3377,"href":"https:\/\/terresdemotions.fr\/index.php\/wp-json\/wp\/v2\/posts\/3160\/revisions\/3377"}],"wp:featuredmedia":[{"embeddable":true,"href":"https:\/\/terresdemotions.fr\/index.php\/wp-json\/wp\/v2\/media\/3166"}],"wp:attachment":[{"href":"https:\/\/terresdemotions.fr\/index.php\/wp-json\/wp\/v2\/media?parent=3160"}],"wp:term":[{"taxonomy":"category","embeddable":true,"href":"https:\/\/terresdemotions.fr\/index.php\/wp-json\/wp\/v2\/categories?post=3160"},{"taxonomy":"post_tag","embeddable":true,"href":"https:\/\/terresdemotions.fr\/index.php\/wp-json\/wp\/v2\/tags?post=3160"}],"curies":[{"name":"wp","href":"https:\/\/api.w.org\/{rel}","templated":true}]}}