{"id":4396,"date":"2018-05-17T23:46:05","date_gmt":"2018-05-17T21:46:05","guid":{"rendered":"http:\/\/terresdemotions.fr\/?p=4396"},"modified":"2018-07-09T20:59:23","modified_gmt":"2018-07-09T18:59:23","slug":"we-tentes-suspendues-tepee-la-colle-st-michel","status":"publish","type":"post","link":"https:\/\/terresdemotions.fr\/index.php\/2018\/05\/17\/we-tentes-suspendues-tepee-la-colle-st-michel\/","title":{"rendered":"WE tentes suspendues, Tepees, La colle St Michel"},"content":{"rendered":"<p><a href=\"https:\/\/www.eventbrite.fr\/e\/billets-programme-clubrando06-2018-9958402851?ref=ebtn\" target=\"_blank\" rel=\"noopener\"><img decoding=\"async\" src=\"https:\/\/www.eventbrite.fr\/custombutton?eid=9958402851\" alt=\"Eventbrite - Programme clubrando06 : 2018\"><\/a><\/p>\n<h2>WE tentes suspendues, Tepee, La colle St Michel<\/h2>\n<h4>En partenariat avec Azur Mercantour Nature, Terres d&rsquo;\u00e9motions a propos\u00e9 un WE d&rsquo;exception.<\/h4>\n<p>Une nuit en tentes suspendues et en Teppee. Unique dans les Alpes Maritimes. Le lieu du bivouac se situe dans une for\u00eat non loin de la colle st Michel. L&rsquo;endroit est accessible aux voitures via une piste foresti\u00e8re. Le bivouac est install\u00e9 le samedi matin. En quelques heures les tentes suspendues sont accroch\u00e9es aux arbres, les teppees sont mont\u00e9s. Le campement se monte petit a petit, le tarp est install\u00e9, la cuisine, la table, et les aliments sont entrepos\u00e9s dans le garde manger.<\/p>\n<p>Il est 14h30. Nous rejoignons une partie du groupe mont\u00e9 plus tard \u00e0 Peyresq. Afin d&rsquo;optimiser le temps, la randonn\u00e9e initialement pr\u00e9vue le dimanche, sera faite le dimanche. Tandis qu&rsquo;en fonction de la m\u00e9t\u00e9o du dimanche nous optons pour une randonn\u00e9e plus courte.<\/p>\n<p>Donc samedi, au d\u00e9part de Peyresq (petit village m\u00e9di\u00e9val restaur\u00e9 par les belges dans les ann\u00e9es 60), nous progressons pour monter au Courradour (2151 m). L&rsquo;apr\u00e8s midi est agr\u00e9able et si le soleil ne se cachait pas parfois, nous aurions un peu plus chaud aux mains ! La vue sur les montagnes (grand coyer) et autres montagnes du haut Verdon est extraordinaire.<\/p>\n<p>Nous redescendons rapidement au bivouac. Il est 19h. Nous pr\u00e9parons le feu qui accueillera plus tard les merguez et autres saucisses. Au menu : ap\u00e9ro, soupe, grillades\/chips, fromage et g\u00e2teau au chocolat maison\/cr\u00e8me anglaise, vin et digestif. Le repas du dimanche midi a \u00e9galement \u00e9t\u00e9 pr\u00e9par\u00e9 par les pensionnaires. Bonne ambiance festive autour du feu. Puis il est tant que chacun se pr\u00e9pare pour la nuit. La nuit fut bonne dans les tentes suspendues et les teppees.<\/p>\n<p>Quelques animaux ont visit\u00e9 le campement dans la nuit (renards et sangliers). Nous avions mis la nourriture dans les voitures. Le lendemain, la bivouac est repli\u00e9. Le temps est correct, mais on s&rsquo;attend \u00e0 de la pluie le midi. Nous optons pour les gr\u00e8s d&rsquo;Annot et la chambre du roi. Une balade facile insolite.<\/p>\n<p>Riche en histoire, la vall\u00e9e d&rsquo;Annot abrite de nombreuses l\u00e9gendes dont celle de ce roi et sa cours qui furent pourchass\u00e9s par les sarrazins. Ils trouv\u00e8rent refuge quelques temps dans cette cavit\u00e9 naturelle entre des blocs de gr\u00e8s. Trahis par un villageois, tous furent ex\u00e9cut\u00e9s. Il ne nous reste ce t\u00e9moignage d&rsquo;un ancien temps ou Annot t\u2019appelais Sigumanna et o\u00f9 les romains commenc\u00e8rent l\u2019\u00e9pop\u00e9e de cette vall\u00e9e.<\/p>\n<p>Nous redescendons au village apr\u00e8s une matin\u00e9e au sec, dans ce paysage unique au monde (les gr\u00e8s d&rsquo;Annot \u00e9tant une \u00ab\u00a0marque\u00a0\u00bb internationale\u00a0\u00bb). Il commence \u00e0 pleuvoir. Fin du s\u00e9jour.<\/p>\nngg_shortcode_0_placeholder\n<p>Merci \u00e0 Ga\u00ebl et Jonathan pour les photos<\/p>\n<p>Yohann Terres d&rsquo;\u00e9motions<\/p>\n","protected":false},"excerpt":{"rendered":"<p>WE tentes suspendues, Tepee, La colle St Michel En partenariat avec Azur Mercantour Nature, Terres d&rsquo;\u00e9motions a propos\u00e9 un WE d&rsquo;exception. Une nuit en tentes suspendues et en Teppee. Unique dans les Alpes Maritimes. Le lieu du bivouac se situe dans une for\u00eat non loin de la colle st Michel. L&rsquo;endroit est accessible aux voitures [&hellip;]<\/p>\n","protected":false},"author":1,"featured_media":4450,"comment_status":"open","ping_status":"open","sticky":false,"template":"","format":"standard","meta":{"_bbp_topic_count":0,"_bbp_reply_count":0,"_bbp_total_topic_count":0,"_bbp_total_reply_count":0,"_bbp_voice_count":0,"_bbp_anonymous_reply_count":0,"_bbp_topic_count_hidden":0,"_bbp_reply_count_hidden":0,"_bbp_forum_subforum_count":0,"content-type":"","_exactmetrics_skip_tracking":false,"_exactmetrics_sitenote_active":false,"_exactmetrics_sitenote_note":"","_exactmetrics_sitenote_category":0,"_monsterinsights_skip_tracking":false,"_monsterinsights_sitenote_active":false,"_monsterinsights_sitenote_note":"","_monsterinsights_sitenote_category":0,"ngg_post_thumbnail":0,"_price":"","_stock":"","_tribe_ticket_header":"","_tribe_default_ticket_provider":"","_tribe_ticket_capacity":"0","_ticket_start_date":"","_ticket_end_date":"","_tribe_ticket_show_description":"","_tribe_ticket_show_not_going":false,"_tribe_ticket_use_global_stock":"","_tribe_ticket_global_stock_level":"","_global_stock_mode":"","_global_stock_cap":"","_tribe_rsvp_for_event":"","_tribe_ticket_going_count":"","_tribe_ticket_not_going_count":"","_tribe_tickets_list":"[]","_tribe_ticket_has_attendee_info_fields":false,"_jetpack_memberships_contains_paid_content":false,"footnotes":""},"categories":[267,40,42,1],"tags":[332,303,311,309,329,347,300],"class_list":["post-4396","post","type-post","status-publish","format-standard","has-post-thumbnail","hentry","category-niveau-2","category-sejours-randonnees","category-randonnee","category-vallee-du-var","tag-barbecue","tag-guides","tag-partage","tag-randonnees","tag-tentes-suspendues","tag-tepee","tag-terres-demotions"],"jetpack_featured_media_url":"https:\/\/terresdemotions.fr\/wp-content\/uploads\/ngg_featured\/20180512_133550.jpg","jetpack_sharing_enabled":true,"_links":{"self":[{"href":"https:\/\/terresdemotions.fr\/index.php\/wp-json\/wp\/v2\/posts\/4396","targetHints":{"allow":["GET"]}}],"collection":[{"href":"https:\/\/terresdemotions.fr\/index.php\/wp-json\/wp\/v2\/posts"}],"about":[{"href":"https:\/\/terresdemotions.fr\/index.php\/wp-json\/wp\/v2\/types\/post"}],"author":[{"embeddable":true,"href":"https:\/\/terresdemotions.fr\/index.php\/wp-json\/wp\/v2\/users\/1"}],"replies":[{"embeddable":true,"href":"https:\/\/terresdemotions.fr\/index.php\/wp-json\/wp\/v2\/comments?post=4396"}],"version-history":[{"count":10,"href":"https:\/\/terresdemotions.fr\/index.php\/wp-json\/wp\/v2\/posts\/4396\/revisions"}],"predecessor-version":[{"id":5132,"href":"https:\/\/terresdemotions.fr\/index.php\/wp-json\/wp\/v2\/posts\/4396\/revisions\/5132"}],"wp:featuredmedia":[{"embeddable":true,"href":"https:\/\/terresdemotions.fr\/index.php\/wp-json\/wp\/v2\/media\/4450"}],"wp:attachment":[{"href":"https:\/\/terresdemotions.fr\/index.php\/wp-json\/wp\/v2\/media?parent=4396"}],"wp:term":[{"taxonomy":"category","embeddable":true,"href":"https:\/\/terresdemotions.fr\/index.php\/wp-json\/wp\/v2\/categories?post=4396"},{"taxonomy":"post_tag","embeddable":true,"href":"https:\/\/terresdemotions.fr\/index.php\/wp-json\/wp\/v2\/tags?post=4396"}],"curies":[{"name":"wp","href":"https:\/\/api.w.org\/{rel}","templated":true}]}}