{"id":5337,"date":"2018-07-30T22:23:26","date_gmt":"2018-07-30T20:23:26","guid":{"rendered":"http:\/\/terresdemotions.fr\/?p=5337"},"modified":"2018-09-02T23:36:19","modified_gmt":"2018-09-02T21:36:19","slug":"lacs-argentiques-de-la-vesubie-15-lacs","status":"publish","type":"post","link":"https:\/\/terresdemotions.fr\/index.php\/2018\/07\/30\/lacs-argentiques-de-la-vesubie-15-lacs\/","title":{"rendered":"Lacs argentiques de la V\u00e9subie (15 Lacs)"},"content":{"rendered":"<p><a href=\"https:\/\/www.eventbrite.fr\/e\/billets-programme-clubrando06-2018-9958402851?ref=ebtn\" target=\"_blank\" rel=\"noopener\"><img decoding=\"async\" src=\"https:\/\/www.eventbrite.fr\/custombutton?eid=9958402851\" alt=\"Eventbrite - Programme clubrando06 : 2018\"><\/a><\/p>\n<p>D\u00e8s le matin, au Col de Sal\u00e8se, une luminosit\u00e9 exceptionnelle qui annonce d\u00e9j\u00e0 une journ\u00e9e exceptionnelle elle-aussi !<\/p>\n<p>S&rsquo;\u00e9chauffer en douceur en descendant, dans un vert intense, au Pont d&rsquo;Ingolf, sur de bons sentiers exempts de cailloux. D\u00e9couvrir ensuite une sente non balis\u00e9e, inconnue, sauf par notre Guide Fabrice, Accompagnateur en Montagne. En s&rsquo;\u00e9levant rapidement, d&rsquo;abord la rencontre avec une zone humide, vestige d&rsquo;un ancien lac referm\u00e9.<\/p>\n<p>Puis, quelques marmottes se laisseront facilement observer. Avant de d\u00e9couvrir toute la tranquillit\u00e9 du Lac Gravereitte au charme canadien. Mais le plus beau reste \u00e0 venir ! C&rsquo;est en continuant de s&rsquo;\u00e9lever par une sente non balis\u00e9e, que ce lac nous offrira son plus beau profil, sa couleur \u00e9meraude en marge de cette superbe for\u00eat de m\u00e9l\u00e8zes.<\/p>\n<p>Quelques minutes apr\u00e8s, un nouvel enchantement : la d\u00e9couverte du Lac N\u00e8gre, un des plus grands du Parc National du Mercantour, depuis un promontoire pour des photos d&rsquo;exception. On en regagne rapidement ses rives pour quelques minutes de pause. Et la suite continue de se r\u00e9v\u00e9ler surprenante !! Un parcours, toujours hors sentier balis\u00e9, pour s&rsquo;\u00e9lever sur le long de la barre rocheuse qui borde le Lac N\u00e8gre \u00e0 l&rsquo;Est.<\/p>\n<p>Et l\u00e0, la surprise est totale, avec un parcours d&rsquo;un esth\u00e9tisme sans pr\u00e9c\u00e9dent ! Un moment fort, comme Terres d&rsquo;Emotions sait si bien vous les pr\u00e9parer (l&rsquo;avantage d&rsquo;avoir recours \u00e0 de vrais guides professionnels). Des alpages plus doux ensuite pour d\u00e9couvrir successivement, et sous tous les angles, les deux Lacs des Bresses.<\/p>\n<p>Un dernier effort ensuite, pour un parcours tr\u00e8s min\u00e9ral, dans cet univers de granite, unique en Mercantour, si proche du ciel, pour atteindre la cr\u00eate qui domine le Collet des Bresses, notre objectif suivant, entre France et Italie.&nbsp; Une pause d\u00e9jeuner dans un lieu \u00e9poustouflant, au sommet d&rsquo;une barre rocheuse, l&rsquo;Argentera imm\u00e9diatement face \u00e0 nous ! La descente qui suivra nous laissera d\u00e9couvrir les Lacs italiens de Fremamorte, avec en toile de fond ce m\u00eame sommet de l\u00e9gende, pour des photos dignes des plus grands photographes de montagne !<\/p>\n<p>C&rsquo;est une remont\u00e9e ensuite qu&rsquo;il fait affronter. Mais quel plaisir sur ses sentiers italiens, fruits d&rsquo;un pass\u00e9 militaire, o\u00f9 l&rsquo;effort sera r\u00e9alis\u00e9 sans difficult\u00e9, mais surtout avec de nouvelles surprises, et de nouveaux lacs \u00e0 d\u00e9couvrir. Toujours une m\u00e9t\u00e9o tr\u00e8s favorable mais le retour en France au Col de Fremamorte nous fait un peu douter de l&rsquo;\u00e9volution de la m\u00e9t\u00e9o au Bor\u00e9on.<\/p>\n<p>A regret, nous ne r\u00e9aliserons pas la Cime de Fremamorte, nous promettant d&rsquo;y revenir un jour, dans la continuit\u00e9 d&rsquo;une proposition pour l&rsquo;automne prochain : La Cime de Rogu\u00e9 et ses glaciers rocheux !<\/p>\n<p>Descente en douceur sur le versant fran\u00e7ais, et encore des lacs \u00e0 d\u00e9couvrir, les lacs fran\u00e7ais de Fremamorte, soit plus de 15 lacs d\u00e9couverts ce jour, certainement un record Terres d&rsquo;Emotions ! Et le plaisir de prendre une pause dans l&rsquo;herbe pr\u00e8s des Lacs de Camp Soubran, pour s&rsquo;impr\u00e9gner des paysages et prendre possession de notre journ\u00e9e, avec Tome de la V\u00e9subie et moelleux au chocolat (merci \u00e0 Madelyne) offerts par notre Guide.<\/p>\n<p>Une journ\u00e9e qui a su g\u00e9n\u00e9rer un contentement maximum, et une tr\u00e8s belle convivialit\u00e9 dans le groupe !<\/p>\nngg_shortcode_0_placeholder\n<p>Merci \u00e0 tous pour les photos<\/p>\n","protected":false},"excerpt":{"rendered":"<p>D\u00e8s le matin, au Col de Sal\u00e8se, une luminosit\u00e9 exceptionnelle qui annonce d\u00e9j\u00e0 une journ\u00e9e exceptionnelle elle-aussi ! S&rsquo;\u00e9chauffer en douceur en descendant, dans un vert intense, au Pont d&rsquo;Ingolf, sur de bons sentiers exempts de cailloux. D\u00e9couvrir ensuite une sente non balis\u00e9e, inconnue, sauf par notre Guide Fabrice, Accompagnateur en Montagne. En s&rsquo;\u00e9levant rapidement, [&hellip;]<\/p>\n","protected":false},"author":1,"featured_media":5339,"comment_status":"open","ping_status":"open","sticky":false,"template":"","format":"standard","meta":{"_bbp_topic_count":0,"_bbp_reply_count":0,"_bbp_total_topic_count":0,"_bbp_total_reply_count":0,"_bbp_voice_count":0,"_bbp_anonymous_reply_count":0,"_bbp_topic_count_hidden":0,"_bbp_reply_count_hidden":0,"_bbp_forum_subforum_count":0,"content-type":"","_exactmetrics_skip_tracking":false,"_exactmetrics_sitenote_active":false,"_exactmetrics_sitenote_note":"","_exactmetrics_sitenote_category":0,"_monsterinsights_skip_tracking":false,"_monsterinsights_sitenote_active":false,"_monsterinsights_sitenote_note":"","_monsterinsights_sitenote_category":0,"ngg_post_thumbnail":0,"_price":"","_stock":"","_tribe_ticket_header":"","_tribe_default_ticket_provider":"","_tribe_ticket_capacity":"0","_ticket_start_date":"","_ticket_end_date":"","_tribe_ticket_show_description":"","_tribe_ticket_show_not_going":false,"_tribe_ticket_use_global_stock":"","_tribe_ticket_global_stock_level":"","_global_stock_mode":"","_global_stock_cap":"","_tribe_rsvp_for_event":"","_tribe_ticket_going_count":"","_tribe_ticket_not_going_count":"","_tribe_tickets_list":"[]","_tribe_ticket_has_attendee_info_fields":false,"_jetpack_memberships_contains_paid_content":false,"footnotes":""},"categories":[268,7],"tags":[],"class_list":["post-5337","post","type-post","status-publish","format-standard","has-post-thumbnail","hentry","category-niveau-3","category-vallee-de-la-vesubie"],"jetpack_featured_media_url":"https:\/\/terresdemotions.fr\/wp-content\/uploads\/ngg_featured\/37962557_10156327765602870_4043372479782060032_n.jpg","jetpack_sharing_enabled":true,"_links":{"self":[{"href":"https:\/\/terresdemotions.fr\/index.php\/wp-json\/wp\/v2\/posts\/5337","targetHints":{"allow":["GET"]}}],"collection":[{"href":"https:\/\/terresdemotions.fr\/index.php\/wp-json\/wp\/v2\/posts"}],"about":[{"href":"https:\/\/terresdemotions.fr\/index.php\/wp-json\/wp\/v2\/types\/post"}],"author":[{"embeddable":true,"href":"https:\/\/terresdemotions.fr\/index.php\/wp-json\/wp\/v2\/users\/1"}],"replies":[{"embeddable":true,"href":"https:\/\/terresdemotions.fr\/index.php\/wp-json\/wp\/v2\/comments?post=5337"}],"version-history":[{"count":3,"href":"https:\/\/terresdemotions.fr\/index.php\/wp-json\/wp\/v2\/posts\/5337\/revisions"}],"predecessor-version":[{"id":5560,"href":"https:\/\/terresdemotions.fr\/index.php\/wp-json\/wp\/v2\/posts\/5337\/revisions\/5560"}],"wp:featuredmedia":[{"embeddable":true,"href":"https:\/\/terresdemotions.fr\/index.php\/wp-json\/wp\/v2\/media\/5339"}],"wp:attachment":[{"href":"https:\/\/terresdemotions.fr\/index.php\/wp-json\/wp\/v2\/media?parent=5337"}],"wp:term":[{"taxonomy":"category","embeddable":true,"href":"https:\/\/terresdemotions.fr\/index.php\/wp-json\/wp\/v2\/categories?post=5337"},{"taxonomy":"post_tag","embeddable":true,"href":"https:\/\/terresdemotions.fr\/index.php\/wp-json\/wp\/v2\/tags?post=5337"}],"curies":[{"name":"wp","href":"https:\/\/api.w.org\/{rel}","templated":true}]}}