{"id":5345,"date":"2018-08-05T19:05:44","date_gmt":"2018-08-05T17:05:44","guid":{"rendered":"http:\/\/terresdemotions.fr\/?p=5345"},"modified":"2018-09-02T23:36:34","modified_gmt":"2018-09-02T21:36:34","slug":"lacs-italiens-en-balcon-a-santa-anna-du-vinadio-valle-stura","status":"publish","type":"post","link":"https:\/\/terresdemotions.fr\/index.php\/2018\/08\/05\/lacs-italiens-en-balcon-a-santa-anna-du-vinadio-valle-stura\/","title":{"rendered":"Lacs italiens en balcon \u00e0 Santa Anna du Vinadio (Valle Stura)"},"content":{"rendered":"<p><a href=\"https:\/\/www.eventbrite.fr\/e\/billets-programme-clubrando06-2018-9958402851?ref=ebtn\" target=\"_blank\" rel=\"noopener\"><img decoding=\"async\" src=\"https:\/\/www.eventbrite.fr\/custombutton?eid=9958402851\" alt=\"Eventbrite - Programme clubrando06 : 2018\"><\/a><\/p>\n<p>Une vraie journ\u00e9e de soleil dans le Pi\u00e9mont. En compagnie de&nbsp;<br \/>\nFabrice, d\u00e9paysement assur\u00e9 en entendant parler italien autour de nous<br \/>\ndans ce lieu de croyances tr\u00e8s pl\u00e9biscit\u00e9. Tr\u00e8s vite le Rocher objet de<br \/>\nla l\u00e9gende o\u00f9 Sainte Anne serait apparue \u00e0 une berg\u00e8re. On progresse en<br \/>\ndouceur et r\u00e9gularit\u00e9 pour apercevoir tr\u00e8s vite un premier lac. Et le<br \/>\npanorama s&rsquo;ouvre encore d&rsquo;avantage. De nombreuses fleurs encore pour la<br \/>\nsaison gr\u00e2ce \u00e0 un printemps tardif. Premier col de la journ\u00e9e, face \u00e0<br \/>\nla Vall\u00e9e Stura, et d\u00e9j\u00e0 une altitude de 2400 m\u00e8tres que nous<br \/>\nconserverons toute la journ\u00e9e. Superbe passage en balcon sur une vire,<br \/>\naccompagn\u00e9s par quelques moutons. Partout, le fruit du travail des<br \/>\nmilitaires Italiens. Une incursion c\u00f4t\u00e9 fran\u00e7ais ensuite \u00e0 partir du<br \/>\nsecond col, d&rsquo;o\u00f9 l&rsquo;on dominera tout le vallon d&rsquo;Isola 2000. La surprise<br \/>\nensuite de d\u00e9couvrir les quatre Lacs Lausfer, tr\u00e8s appr\u00e9ci\u00e9s. Le temps<br \/>\nd&rsquo;une pause d\u00e9jeuner, aux saveurs de Ligurie italienne en go\u00fbtant le<br \/>\npesto de sauge. La baignade pour Betty, Mich\u00e8le, Christine et Aur\u00e9lie.<br \/>\nEncore des parties en balcon l&rsquo;apr\u00e8s-midi pour continuer de nous<br \/>\nsurprendre, le long de la cr\u00eate fronti\u00e8re. Et d\u00e9couvrir \u00e0 nouveau Le<br \/>\nLac Santa Ana parcouru le matin m\u00eame, mais cette fois sous son meilleur<br \/>\nangle, vu d&rsquo;en haut, avec une couleur bleu magnifique. R\u00e9flexions en<br \/>\napercevant ensemble, au loin, les am\u00e9nagements destin\u00e9s \u00e0 purger les<br \/>\ncouloirs d&rsquo;avalanche. On termine la randonn\u00e9e en serpentant pour regagner<br \/>\nle petit Lac du Col Saint Anne, tr\u00e8s v\u00e9g\u00e9talis\u00e9. La journ\u00e9e se termine<br \/>\ndans la convivialit\u00e9 avec un coup d&rsquo;\u0153il \u00e0 l&rsquo;Eglise du sanctuaire, toute<br \/>\nparticuli\u00e8re en pente, et surtout en buvant un verre tous ensemble. Une<br \/>\njourn\u00e9e de d\u00e9tente, dolce vit\u00e6 \u00e0 l&rsquo;italienne, avec l&rsquo;envie de revenir<br \/>\nprochainement en territoire italien.<\/p>\nngg_shortcode_0_placeholder\n<p>Merci \u00e0 tous pour les photos !<\/p>\n","protected":false},"excerpt":{"rendered":"<p>Une vraie journ\u00e9e de soleil dans le Pi\u00e9mont. En compagnie de&nbsp; Fabrice, d\u00e9paysement assur\u00e9 en entendant parler italien autour de nous dans ce lieu de croyances tr\u00e8s pl\u00e9biscit\u00e9. Tr\u00e8s vite le Rocher objet de la l\u00e9gende o\u00f9 Sainte Anne serait apparue \u00e0 une berg\u00e8re. On progresse en douceur et r\u00e9gularit\u00e9 pour apercevoir tr\u00e8s vite un [&hellip;]<\/p>\n","protected":false},"author":1,"featured_media":5365,"comment_status":"open","ping_status":"open","sticky":false,"template":"","format":"standard","meta":{"_bbp_topic_count":0,"_bbp_reply_count":0,"_bbp_total_topic_count":0,"_bbp_total_reply_count":0,"_bbp_voice_count":0,"_bbp_anonymous_reply_count":0,"_bbp_topic_count_hidden":0,"_bbp_reply_count_hidden":0,"_bbp_forum_subforum_count":0,"content-type":"","_exactmetrics_skip_tracking":false,"_exactmetrics_sitenote_active":false,"_exactmetrics_sitenote_note":"","_exactmetrics_sitenote_category":0,"_monsterinsights_skip_tracking":false,"_monsterinsights_sitenote_active":false,"_monsterinsights_sitenote_note":"","_monsterinsights_sitenote_category":0,"ngg_post_thumbnail":0,"_price":"","_stock":"","_tribe_ticket_header":"","_tribe_default_ticket_provider":"","_tribe_ticket_capacity":"0","_ticket_start_date":"","_ticket_end_date":"","_tribe_ticket_show_description":"","_tribe_ticket_show_not_going":false,"_tribe_ticket_use_global_stock":"","_tribe_ticket_global_stock_level":"","_global_stock_mode":"","_global_stock_cap":"","_tribe_rsvp_for_event":"","_tribe_ticket_going_count":"","_tribe_ticket_not_going_count":"","_tribe_tickets_list":"[]","_tribe_ticket_has_attendee_info_fields":false,"_jetpack_memberships_contains_paid_content":false,"footnotes":""},"categories":[181,265,267,42],"tags":[],"class_list":["post-5345","post","type-post","status-publish","format-standard","has-post-thumbnail","hentry","category-italie","category-les-niveaux","category-niveau-2","category-randonnee"],"jetpack_featured_media_url":"https:\/\/terresdemotions.fr\/wp-content\/uploads\/ngg_featured\/IMG_20180804_135722.jpg","jetpack_sharing_enabled":true,"_links":{"self":[{"href":"https:\/\/terresdemotions.fr\/index.php\/wp-json\/wp\/v2\/posts\/5345","targetHints":{"allow":["GET"]}}],"collection":[{"href":"https:\/\/terresdemotions.fr\/index.php\/wp-json\/wp\/v2\/posts"}],"about":[{"href":"https:\/\/terresdemotions.fr\/index.php\/wp-json\/wp\/v2\/types\/post"}],"author":[{"embeddable":true,"href":"https:\/\/terresdemotions.fr\/index.php\/wp-json\/wp\/v2\/users\/1"}],"replies":[{"embeddable":true,"href":"https:\/\/terresdemotions.fr\/index.php\/wp-json\/wp\/v2\/comments?post=5345"}],"version-history":[{"count":7,"href":"https:\/\/terresdemotions.fr\/index.php\/wp-json\/wp\/v2\/posts\/5345\/revisions"}],"predecessor-version":[{"id":5561,"href":"https:\/\/terresdemotions.fr\/index.php\/wp-json\/wp\/v2\/posts\/5345\/revisions\/5561"}],"wp:featuredmedia":[{"embeddable":true,"href":"https:\/\/terresdemotions.fr\/index.php\/wp-json\/wp\/v2\/media\/5365"}],"wp:attachment":[{"href":"https:\/\/terresdemotions.fr\/index.php\/wp-json\/wp\/v2\/media?parent=5345"}],"wp:term":[{"taxonomy":"category","embeddable":true,"href":"https:\/\/terresdemotions.fr\/index.php\/wp-json\/wp\/v2\/categories?post=5345"},{"taxonomy":"post_tag","embeddable":true,"href":"https:\/\/terresdemotions.fr\/index.php\/wp-json\/wp\/v2\/tags?post=5345"}],"curies":[{"name":"wp","href":"https:\/\/api.w.org\/{rel}","templated":true}]}}