{"id":5424,"date":"2018-08-13T19:39:05","date_gmt":"2018-08-13T17:39:05","guid":{"rendered":"http:\/\/terresdemotions.fr\/?p=5424"},"modified":"2018-09-10T22:01:58","modified_gmt":"2018-09-10T20:01:58","slug":"lacs-de-vens-parc-du-mercantour-vallee-de-la-tinee","status":"publish","type":"post","link":"https:\/\/terresdemotions.fr\/index.php\/2018\/08\/13\/lacs-de-vens-parc-du-mercantour-vallee-de-la-tinee\/","title":{"rendered":"Les plus beaux lacs des Alpes du Sud : les lacs de Vens &#8211; Parc du Mercantour"},"content":{"rendered":"<p><a href=\"https:\/\/www.eventbrite.fr\/e\/billets-programme-clubrando06-2018-9958402851?ref=ebtn\" target=\"_blank\" rel=\"noopener\"><img decoding=\"async\" alt=\"Eventbrite - Programme clubrando06 : 2018\" src=\"https:\/\/www.eventbrite.fr\/custombutton?eid=9958402851\"><\/a><\/p>\n<h3><b>Les plus beaux lacs des Alpes du Sud : les lacs de Vens<\/b><\/h3>\n<div>Fra\u00eecheur retrouv\u00e9e apr\u00e8s les orages des jours pr\u00e9c\u00e9dents, et une lumi\u00e8re de qualit\u00e9, d\u00e9j\u00e0 presque synonyme d&rsquo;automne, pour d\u00e9marrer cette belle et longue journ\u00e9e !&nbsp; Et une ascension en douceur, par de nombreux lacets, tranquillement. Guid\u00e9 par Fabrice Henon, le plaisir aussi d&rsquo;\u00e9voluer sur des sentiers de tr\u00e8s bonne qualit\u00e9, sans cailloux. Des conditions id\u00e9ales pour se mettre dans le rythme de la journ\u00e9e. Tr\u00e8s vite, un arr\u00eat le long de la rivi\u00e8re, surpris d&rsquo;avoir d\u00e9j\u00e0 r\u00e9alis\u00e9 presque 400 m\u00e8tres de mont\u00e9e, sans effort. Et les sommets de la Haute Vall\u00e9e de la Tin\u00e9e, en passant par le Haut-Var et Haut-Verdon qui s&rsquo;offrent \u00e0 nous, du Mont Mounier au Cimet du Bachelard.<\/div>\n<div>Ombre et lumi\u00e8re ensuite dans un m\u00e9l\u00e9zin lumineux pour gagner un promontoire d&rsquo;o\u00f9 le Vallon de Tortisse se laissera d\u00e9couvrir int\u00e9gralement. Dans la convivialit\u00e9, le torrent sera tr\u00e8s vite retrouv\u00e9 pour une pause photog\u00e9nique. Puis l&rsquo;observation de marmottes pr\u00e8s des Cabanes de Tortisse.<\/div>\n<div>Plaisir d&rsquo;une courte \u00e9chapp\u00e9e sportive ensuite, chacun \u00e0 son rythme, dans les derniers m\u00e8tres de la mont\u00e9e au point culminant de notre tour du jour. Et bravo \u00e0 Aur\u00e9lie, Ga\u00ebl et Romain pour leur t\u00e9nacit\u00e9 !<\/div>\n<div>C&rsquo;est ensuite un passage en balcon panoramique surprenant qui nous attend avant la d\u00e9couverte du plus grand des lacs de Vens. L&rsquo;envie de baignade et la faim nous guideront ensuite rapidement sur les bords du second des lacs de Vens pour une pause conviviale marqu\u00e9e par la baignade de Jonathan, Aur\u00e9lie, Betty et Sandrine. Merci \u00e9galement \u00e0 Aur\u00e9lie pour son g\u00e2teau au chocolat tr\u00e8s appr\u00e9ci\u00e9.<\/div>\n<div>Apr\u00e8s le d\u00e9jeuner, toujours avec une m\u00e9t\u00e9o et une lumi\u00e8re de grande qualit\u00e9, les surprise s&rsquo;encha\u00eene de lacs en cascade avec la d\u00e9couverte de tous les lacs de Vens, plus petits et plus charmants encore. Contemplation avant tout. Et d\u00e9j\u00e0 l&rsquo;envie de d\u00e9couvrir d&rsquo;autres lacs de montagne, classiques ou insolites.<\/div>\n<div>Merci \u00e0 Isabelle, Romain, Ga\u00ebl et Jonathan pour leurs photos ! Vu le succ\u00e8s de cette journ\u00e9e, de nouveaux lacs vous seront propos\u00e9s cette semaine (jeudi). &nbsp;<\/div>\n<p>&nbsp;<\/p>\nngg_shortcode_0_placeholder\n","protected":false},"excerpt":{"rendered":"<p>Les plus beaux lacs des Alpes du Sud : les lacs de Vens Fra\u00eecheur retrouv\u00e9e apr\u00e8s les orages des jours pr\u00e9c\u00e9dents, et une lumi\u00e8re de qualit\u00e9, d\u00e9j\u00e0 presque synonyme d&rsquo;automne, pour d\u00e9marrer cette belle et longue journ\u00e9e !&nbsp; Et une ascension en douceur, par de nombreux lacets, tranquillement. Guid\u00e9 par Fabrice Henon, le plaisir aussi [&hellip;]<\/p>\n","protected":false},"author":1,"featured_media":5425,"comment_status":"open","ping_status":"open","sticky":false,"template":"","format":"standard","meta":{"_bbp_topic_count":0,"_bbp_reply_count":0,"_bbp_total_topic_count":0,"_bbp_total_reply_count":0,"_bbp_voice_count":0,"_bbp_anonymous_reply_count":0,"_bbp_topic_count_hidden":0,"_bbp_reply_count_hidden":0,"_bbp_forum_subforum_count":0,"content-type":"","_exactmetrics_skip_tracking":false,"_exactmetrics_sitenote_active":false,"_exactmetrics_sitenote_note":"","_exactmetrics_sitenote_category":0,"_monsterinsights_skip_tracking":false,"_monsterinsights_sitenote_active":false,"_monsterinsights_sitenote_note":"","_monsterinsights_sitenote_category":0,"ngg_post_thumbnail":0,"_price":"","_stock":"","_tribe_ticket_header":"","_tribe_default_ticket_provider":"","_tribe_ticket_capacity":"0","_ticket_start_date":"","_ticket_end_date":"","_tribe_ticket_show_description":"","_tribe_ticket_show_not_going":false,"_tribe_ticket_use_global_stock":"","_tribe_ticket_global_stock_level":"","_global_stock_mode":"","_global_stock_cap":"","_tribe_rsvp_for_event":"","_tribe_ticket_going_count":"","_tribe_ticket_not_going_count":"","_tribe_tickets_list":"[]","_tribe_ticket_has_attendee_info_fields":false,"_jetpack_memberships_contains_paid_content":false,"footnotes":""},"categories":[265,267,4],"tags":[365,20,372,300],"class_list":["post-5424","post","type-post","status-publish","format-standard","has-post-thumbnail","hentry","category-les-niveaux","category-niveau-2","category-vallee-de-latinee","tag-lacs-de-montagne","tag-lacs-du-mercantour","tag-panorama","tag-terres-demotions"],"jetpack_featured_media_url":"https:\/\/terresdemotions.fr\/wp-content\/uploads\/ngg_featured\/39027540_439049486616899_3425414487904092160_n.jpg","jetpack_sharing_enabled":true,"_links":{"self":[{"href":"https:\/\/terresdemotions.fr\/index.php\/wp-json\/wp\/v2\/posts\/5424","targetHints":{"allow":["GET"]}}],"collection":[{"href":"https:\/\/terresdemotions.fr\/index.php\/wp-json\/wp\/v2\/posts"}],"about":[{"href":"https:\/\/terresdemotions.fr\/index.php\/wp-json\/wp\/v2\/types\/post"}],"author":[{"embeddable":true,"href":"https:\/\/terresdemotions.fr\/index.php\/wp-json\/wp\/v2\/users\/1"}],"replies":[{"embeddable":true,"href":"https:\/\/terresdemotions.fr\/index.php\/wp-json\/wp\/v2\/comments?post=5424"}],"version-history":[{"count":8,"href":"https:\/\/terresdemotions.fr\/index.php\/wp-json\/wp\/v2\/posts\/5424\/revisions"}],"predecessor-version":[{"id":5798,"href":"https:\/\/terresdemotions.fr\/index.php\/wp-json\/wp\/v2\/posts\/5424\/revisions\/5798"}],"wp:featuredmedia":[{"embeddable":true,"href":"https:\/\/terresdemotions.fr\/index.php\/wp-json\/wp\/v2\/media\/5425"}],"wp:attachment":[{"href":"https:\/\/terresdemotions.fr\/index.php\/wp-json\/wp\/v2\/media?parent=5424"}],"wp:term":[{"taxonomy":"category","embeddable":true,"href":"https:\/\/terresdemotions.fr\/index.php\/wp-json\/wp\/v2\/categories?post=5424"},{"taxonomy":"post_tag","embeddable":true,"href":"https:\/\/terresdemotions.fr\/index.php\/wp-json\/wp\/v2\/tags?post=5424"}],"curies":[{"name":"wp","href":"https:\/\/api.w.org\/{rel}","templated":true}]}}