{"id":5447,"date":"2018-08-19T21:06:29","date_gmt":"2018-08-19T19:06:29","guid":{"rendered":"http:\/\/terresdemotions.fr\/?p=5447"},"modified":"2018-09-10T22:02:37","modified_gmt":"2018-09-10T20:02:37","slug":"les-plus-lacs-des-alpes-du-sud-les-lacs-de-prals","status":"publish","type":"post","link":"https:\/\/terresdemotions.fr\/index.php\/2018\/08\/19\/les-plus-lacs-des-alpes-du-sud-les-lacs-de-prals\/","title":{"rendered":"Baignade d&rsquo;altitude et promontoires panoramiques : lacs de Prals"},"content":{"rendered":"<p><a href=\"https:\/\/www.eventbrite.fr\/e\/billets-programme-clubrando06-2018-9958402851?ref=ebtn\" target=\"_blank\" rel=\"noopener\"><img decoding=\"async\" src=\"https:\/\/www.eventbrite.fr\/custombutton?eid=9958402851\" alt=\"Eventbrite - Programme clubrando06 : 2018\"><\/a><\/p>\n<h3><b>Les plus lacs des Alpes du Sud : Les lacs de Prals<br \/>\n<\/b><\/h3>\n<p>Une vraie journ\u00e9e en douceur, guid\u00e9e par Fabrice. Des lieux tr\u00e8s classiques, mais nouveaux pour certains. Entour\u00e9s par les plus hauts sommets du d\u00e9partement. La fra\u00eecheur au d\u00e9part, le plaisir retrouv\u00e9 de porter \u00e0 nouveau des v\u00eatements chauds en plein \u00e9t\u00e9. Tr\u00e8s vite, se r\u00e9galer de quelques myrtilles en chemin.<\/p>\n<p>Prendre le temps de s&rsquo;\u00e9lever et changer de cadre. La rencontre avec Patrick, Garde Moniteur du Parc National du Mercantour. Les lacs se laisseront d\u00e9couvrir depuis la Baisse des Cinq Lacs. Et une escapade hors sentier pour une Cime sans nom. L\u00e0 haut, un panorama \u00e0 360 degr\u00e9s sur les cinq Lacs de Prals, mais bien plus encore&#8230; c&rsquo;est toute la V\u00e9subie qui s&rsquo;offre \u00e0 nous. D\u00e9ambuler entre les lacs pour s&rsquo;en absorber et comprendre un peu leur \u00e9cologie au gr\u00e8s de quelques grenouilles.<\/p>\n<p>La baignade tant attendue sera finalement compromise \u00e0 cause de quelques nuages sans gravit\u00e9, mais rafra\u00eechissant un peu l&rsquo;atmosph\u00e8re. Une \u00e9chapp\u00e9e sportive hors sentier avec Aur\u00e9lie en contrepartie. Une marmotte et quelques chamois pour r\u00e9compense mais surtout une cr\u00eate panoramique sur la Gordolasque jusqu&rsquo;\u00e0 la mer.<\/p>\n<p>Contemplatifs pour se laisser bercer par les jeu d&rsquo;ombre et de lumi\u00e8res sur ces pentes verdoyantes prononc\u00e9es contrastant avec la min\u00e9ralit\u00e9 des hauts sommets de la Gordolasque. Se laisser entour\u00e9s par le brouillard pour le plaisir d&rsquo;un moment hors du temps sur cette cr\u00eate de Paranova.<\/p>\n<p>Quelques sonnailles de vaches poseront un cadre v\u00e9ritablement bucolique, id\u00e9al pour une seconde pause pour l&rsquo;\u00e9coute et l&rsquo;observation des jeux de nombreuses marmottes. Le plaisir renouvel\u00e9 de la cueillette de myrtilles avant celle des framboises \u00e0 proximit\u00e9 du parking o\u00f9 certains auront le plaisir d&rsquo;acheter de la Tome de la V\u00e9subie. Un classique tr\u00e8s appr\u00e9ci\u00e9, comme celui \u00e0 venir du Lac de Tr\u00e9colpas du samedi 1er septembre 2018 prochain. Merci \u00e0 M\u00e9lanie pour les photos.<\/p>\nngg_shortcode_0_placeholder\n<p>&nbsp;<\/p>\n","protected":false},"excerpt":{"rendered":"<p>Les plus lacs des Alpes du Sud : Les lacs de Prals Une vraie journ\u00e9e en douceur, guid\u00e9e par Fabrice. Des lieux tr\u00e8s classiques, mais nouveaux pour certains. Entour\u00e9s par les plus hauts sommets du d\u00e9partement. La fra\u00eecheur au d\u00e9part, le plaisir retrouv\u00e9 de porter \u00e0 nouveau des v\u00eatements chauds en plein \u00e9t\u00e9. Tr\u00e8s vite, [&hellip;]<\/p>\n","protected":false},"author":1,"featured_media":5465,"comment_status":"open","ping_status":"open","sticky":false,"template":"","format":"standard","meta":{"_bbp_topic_count":0,"_bbp_reply_count":0,"_bbp_total_topic_count":0,"_bbp_total_reply_count":0,"_bbp_voice_count":0,"_bbp_anonymous_reply_count":0,"_bbp_topic_count_hidden":0,"_bbp_reply_count_hidden":0,"_bbp_forum_subforum_count":0,"content-type":"","_exactmetrics_skip_tracking":false,"_exactmetrics_sitenote_active":false,"_exactmetrics_sitenote_note":"","_exactmetrics_sitenote_category":0,"_monsterinsights_skip_tracking":false,"_monsterinsights_sitenote_active":false,"_monsterinsights_sitenote_note":"","_monsterinsights_sitenote_category":0,"ngg_post_thumbnail":0,"_price":"","_stock":"","_tribe_ticket_header":"","_tribe_default_ticket_provider":"","_tribe_ticket_capacity":"0","_ticket_start_date":"","_ticket_end_date":"","_tribe_ticket_show_description":"","_tribe_ticket_show_not_going":false,"_tribe_ticket_use_global_stock":"","_tribe_ticket_global_stock_level":"","_global_stock_mode":"","_global_stock_cap":"","_tribe_rsvp_for_event":"","_tribe_ticket_going_count":"","_tribe_ticket_not_going_count":"","_tribe_tickets_list":"[]","_tribe_ticket_has_attendee_info_fields":false,"_jetpack_memberships_contains_paid_content":false,"footnotes":""},"categories":[265,267,7],"tags":[365,20,372,300],"class_list":["post-5447","post","type-post","status-publish","format-standard","has-post-thumbnail","hentry","category-les-niveaux","category-niveau-2","category-vallee-de-la-vesubie","tag-lacs-de-montagne","tag-lacs-du-mercantour","tag-panorama","tag-terres-demotions"],"jetpack_featured_media_url":"https:\/\/terresdemotions.fr\/wp-content\/uploads\/ngg_featured\/PART_1534528865895.jpeg","jetpack_sharing_enabled":true,"_links":{"self":[{"href":"https:\/\/terresdemotions.fr\/index.php\/wp-json\/wp\/v2\/posts\/5447","targetHints":{"allow":["GET"]}}],"collection":[{"href":"https:\/\/terresdemotions.fr\/index.php\/wp-json\/wp\/v2\/posts"}],"about":[{"href":"https:\/\/terresdemotions.fr\/index.php\/wp-json\/wp\/v2\/types\/post"}],"author":[{"embeddable":true,"href":"https:\/\/terresdemotions.fr\/index.php\/wp-json\/wp\/v2\/users\/1"}],"replies":[{"embeddable":true,"href":"https:\/\/terresdemotions.fr\/index.php\/wp-json\/wp\/v2\/comments?post=5447"}],"version-history":[{"count":5,"href":"https:\/\/terresdemotions.fr\/index.php\/wp-json\/wp\/v2\/posts\/5447\/revisions"}],"predecessor-version":[{"id":5799,"href":"https:\/\/terresdemotions.fr\/index.php\/wp-json\/wp\/v2\/posts\/5447\/revisions\/5799"}],"wp:featuredmedia":[{"embeddable":true,"href":"https:\/\/terresdemotions.fr\/index.php\/wp-json\/wp\/v2\/media\/5465"}],"wp:attachment":[{"href":"https:\/\/terresdemotions.fr\/index.php\/wp-json\/wp\/v2\/media?parent=5447"}],"wp:term":[{"taxonomy":"category","embeddable":true,"href":"https:\/\/terresdemotions.fr\/index.php\/wp-json\/wp\/v2\/categories?post=5447"},{"taxonomy":"post_tag","embeddable":true,"href":"https:\/\/terresdemotions.fr\/index.php\/wp-json\/wp\/v2\/tags?post=5447"}],"curies":[{"name":"wp","href":"https:\/\/api.w.org\/{rel}","templated":true}]}}