{"id":5558,"date":"2018-09-03T21:55:58","date_gmt":"2018-09-03T19:55:58","guid":{"rendered":"http:\/\/terresdemotions.fr\/?p=5558"},"modified":"2018-09-21T21:56:13","modified_gmt":"2018-09-21T19:56:13","slug":"ascades-et-lacs-glaciaires-du-mercantour-lac-nire-et-lac-de-la-foux-vallee-de-la-vesubiee","status":"publish","type":"post","link":"https:\/\/terresdemotions.fr\/index.php\/2018\/09\/03\/ascades-et-lacs-glaciaires-du-mercantour-lac-nire-et-lac-de-la-foux-vallee-de-la-vesubiee\/","title":{"rendered":"Cascades et lacs glaciaires du Mercantour : Lac Nir\u00e9 et lac de la fous \u2013 Vall\u00e9e de la V\u00e9subie"},"content":{"rendered":"<p><a href=\"https:\/\/www.eventbrite.fr\/e\/billets-programme-clubrando06-2018-9958402851?ref=ebtn\" target=\"_blank\" rel=\"noopener\"><img decoding=\"async\" src=\"https:\/\/www.eventbrite.fr\/custombutton?eid=9958402851\" alt=\"Eventbrite - Programme clubrando06 : 2018\"><\/a><\/p>\n<h3 class=\"tribe-events-single-event-title\">Cascades et lacs glaciaires du Mercantour : Lac Nir\u00e9 et lac de la foux \u2013 Vall\u00e9e de la V\u00e9subie<\/h3>\n<p>Grace&nbsp; vous le succ\u00e8s de Terre d\u2019\u00e9motions ne se d\u00e9menti pas. Une nouvelle fois le groupe n\u00e9cessite deux accompagnateurs. Yohann et Fabrice pour vous faire partager de bons moments de Montagne. Ainsi le groupe sera partag\u00e9 en deux niveaux.<\/p>\n<p>Une groupe qui ira \u00e0 la baisse du Basto en passant par le lac Autier avec redescente par le lac de la Fous et un groupe qui ira jusqu&rsquo;au lac Nir\u00e9 en passant par le lac de la fous. Les deux groupe se rejoindront plus tard dans l&rsquo;apr\u00e8s midi au refuge de Nice.<\/p>\n<p>Il fait nuageux mais soleil d\u00e8s le matin. La mont\u00e9e est progressive, quelques marmottes sifflent. Les premiers chamois sont aper\u00e7us un peu avant le barrage de la fous. Apr\u00e8s quelques tergiversations, le d\u00e9jeuner sera pris au lac Nir\u00e9. Le deuxi\u00e8me groupe prendra son d\u00e9jeuner quelques 300 m plus haut \u00e0 la baisse du Basto. La mont\u00e9e \u00e9tant finie, il est pr\u00e9f\u00e9rable de ne plus monter le ventre plein ! Au lac Nir\u00e9, le n\u00e9v\u00e9 ancestral est toujours l\u00e0 (bien au froid face nord). On redescend dans l&rsquo;apr\u00e8s midi apr\u00e8s avoir vu quelques chamois et un bouquetin au&nbsp; loin.<\/p>\n<p>Nous prenons une longue pause au refuge de Nice, o\u00f9 Christine nous propose de f\u00eater son anniversaire avec quelques bulles et quelques g\u00e2teaux. Un grand Merci !. Mais pour entamer cet fin d&rsquo;\u00e9t\u00e9, quelques participants auront amener aussi des g\u00e2teau. C&rsquo;est donc dans une ambiance conviviale face \u00e0 la magnifique vue du lac de la fous vu du balcon du refuge que nous faisons une longue pause. Le brouillard commence \u00e0 tomber, la temp\u00e9rature se rafraichi. Sur le chemin du retour, nous voyons une trentaine de chamois, nous d\u00e9gustons les tr\u00e8s bonnes framboises laiss\u00e9es sur le c\u00f4t\u00e9 du chemin (un r\u00e9gal). A l&rsquo;arriv\u00e9e aux voitures, il pleut !!&#8230;mais cela ne g\u00eanera en rien la fabuleuse journ\u00e9e pass\u00e9e en montagne aujourd&rsquo;hui.<\/p>\n<p>L&rsquo;aventure continue, la semaine prochaine, consultez notre programme !<\/p>\nngg_shortcode_0_placeholder\n<p>&nbsp;<\/p>\n<p>&nbsp;<\/p>\n","protected":false},"excerpt":{"rendered":"<p>Cascades et lacs glaciaires du Mercantour : Lac Nir\u00e9 et lac de la foux \u2013 Vall\u00e9e de la V\u00e9subie Grace&nbsp; vous le succ\u00e8s de Terre d\u2019\u00e9motions ne se d\u00e9menti pas. Une nouvelle fois le groupe n\u00e9cessite deux accompagnateurs. Yohann et Fabrice pour vous faire partager de bons moments de Montagne. Ainsi le groupe sera partag\u00e9 [&hellip;]<\/p>\n","protected":false},"author":1,"featured_media":5566,"comment_status":"open","ping_status":"open","sticky":false,"template":"","format":"standard","meta":{"_bbp_topic_count":0,"_bbp_reply_count":0,"_bbp_total_topic_count":0,"_bbp_total_reply_count":0,"_bbp_voice_count":0,"_bbp_anonymous_reply_count":0,"_bbp_topic_count_hidden":0,"_bbp_reply_count_hidden":0,"_bbp_forum_subforum_count":0,"content-type":"","_exactmetrics_skip_tracking":false,"_exactmetrics_sitenote_active":false,"_exactmetrics_sitenote_note":"","_exactmetrics_sitenote_category":0,"_monsterinsights_skip_tracking":false,"_monsterinsights_sitenote_active":false,"_monsterinsights_sitenote_note":"","_monsterinsights_sitenote_category":0,"ngg_post_thumbnail":0,"_price":"","_stock":"","_tribe_ticket_header":"","_tribe_default_ticket_provider":"","_tribe_ticket_capacity":"0","_ticket_start_date":"","_ticket_end_date":"","_tribe_ticket_show_description":"","_tribe_ticket_show_not_going":false,"_tribe_ticket_use_global_stock":"","_tribe_ticket_global_stock_level":"","_global_stock_mode":"","_global_stock_cap":"","_tribe_rsvp_for_event":"","_tribe_ticket_going_count":"","_tribe_ticket_not_going_count":"","_tribe_tickets_list":"[]","_tribe_ticket_has_attendee_info_fields":false,"_jetpack_memberships_contains_paid_content":false,"footnotes":""},"categories":[265,267,1],"tags":[365,20,372,300],"class_list":["post-5558","post","type-post","status-publish","format-standard","has-post-thumbnail","hentry","category-les-niveaux","category-niveau-2","category-vallee-du-var","tag-lacs-de-montagne","tag-lacs-du-mercantour","tag-panorama","tag-terres-demotions"],"jetpack_featured_media_url":"https:\/\/terresdemotions.fr\/wp-content\/uploads\/ngg_featured\/20180902_121706.jpg","jetpack_sharing_enabled":true,"_links":{"self":[{"href":"https:\/\/terresdemotions.fr\/index.php\/wp-json\/wp\/v2\/posts\/5558","targetHints":{"allow":["GET"]}}],"collection":[{"href":"https:\/\/terresdemotions.fr\/index.php\/wp-json\/wp\/v2\/posts"}],"about":[{"href":"https:\/\/terresdemotions.fr\/index.php\/wp-json\/wp\/v2\/types\/post"}],"author":[{"embeddable":true,"href":"https:\/\/terresdemotions.fr\/index.php\/wp-json\/wp\/v2\/users\/1"}],"replies":[{"embeddable":true,"href":"https:\/\/terresdemotions.fr\/index.php\/wp-json\/wp\/v2\/comments?post=5558"}],"version-history":[{"count":12,"href":"https:\/\/terresdemotions.fr\/index.php\/wp-json\/wp\/v2\/posts\/5558\/revisions"}],"predecessor-version":[{"id":5910,"href":"https:\/\/terresdemotions.fr\/index.php\/wp-json\/wp\/v2\/posts\/5558\/revisions\/5910"}],"wp:featuredmedia":[{"embeddable":true,"href":"https:\/\/terresdemotions.fr\/index.php\/wp-json\/wp\/v2\/media\/5566"}],"wp:attachment":[{"href":"https:\/\/terresdemotions.fr\/index.php\/wp-json\/wp\/v2\/media?parent=5558"}],"wp:term":[{"taxonomy":"category","embeddable":true,"href":"https:\/\/terresdemotions.fr\/index.php\/wp-json\/wp\/v2\/categories?post=5558"},{"taxonomy":"post_tag","embeddable":true,"href":"https:\/\/terresdemotions.fr\/index.php\/wp-json\/wp\/v2\/tags?post=5558"}],"curies":[{"name":"wp","href":"https:\/\/api.w.org\/{rel}","templated":true}]}}