{"id":5722,"date":"2018-09-10T21:53:58","date_gmt":"2018-09-10T19:53:58","guid":{"rendered":"http:\/\/terresdemotions.fr\/?p=5722"},"modified":"2018-09-28T00:05:08","modified_gmt":"2018-09-27T22:05:08","slug":"les-cabanes-de-la-bouliere-sentinelles-de-la-vallee-du-bourdous-entraunes-haut-var","status":"publish","type":"post","link":"https:\/\/terresdemotions.fr\/index.php\/2018\/09\/10\/les-cabanes-de-la-bouliere-sentinelles-de-la-vallee-du-bourdous-entraunes-haut-var\/","title":{"rendered":"Les cabanes de la Bouli\u00e8re \u2013Sentinelles de la Vall\u00e9e du Bourdous -Entraunes Haut Var"},"content":{"rendered":"<p><a href=\"https:\/\/www.eventbrite.fr\/e\/billets-programme-clubrando06-2018-9958402851?ref=ebtn\" target=\"_blank\" rel=\"noopener\"><img decoding=\"async\" src=\"https:\/\/www.eventbrite.fr\/custombutton?eid=9958402851\" alt=\"Eventbrite - Programme clubrando06 : 2018\"><\/a><\/p>\n<h3>Les cabanes de la Bouli\u00e8re \u2013Sentinelles de la Vall\u00e9e du Bourdous<\/h3>\n<h4>Dans sa qu\u00eate de vous emmener l\u00e0 o\u00f9 d&rsquo;autres n&rsquo;osent le faire, Terres d&rsquo;\u00e9motions n&rsquo;h\u00e9site pas \u00e0 vous faire d\u00e9couvrir des gorges surprenantes, des cascades et de rencontre inattendues avec des patous.<\/h4>\n<p>Vivre la randonn\u00e9es c&rsquo;est vivre des \u00e9motions insolites. Tout d&rsquo;abord il faudra passer par une marche d&rsquo;approche sur une piste carrossable. La randonn\u00e9e commence d\u00e9j\u00e0 dans la voiture !<\/p>\n<p>Le sentier monte doucement et serpente la montagne. On laisse une cascade de 100 m puis on croise plusieurs cours d&rsquo;eau dans des microvallons. La roche calcaire tr\u00e8s stratigraphique est impressionnante. La vue sur Roche Grande (en Face sud) r\u00e9v\u00e8le des marnes noires, et des strates de calcaire et de gr\u00e9 ayant subi des inversion d&rsquo;inclinaison (anticlinal) lors de la surrection des Alpes (40 Millions d&rsquo;ann\u00e9es). Sur le sentier nous cueillons une quantit\u00e9 astronomique de framboises, un petit en cas de bienvenue.<\/p>\n<p>A l&rsquo;approche des cabanes de la bouli\u00e8re, nous sommes surpris par un troupeau de moutons. Les patous nous observent, puis se montrent tendus \u00e0 notre approche. Le berger veille, appelle ses chiens&nbsp; et nous passons notre chemin raidement pour trouver un endroit pour d\u00e9jeuner. Un petit crochet sera fait pour se diriger vers le col des trentes souches. Une extension foresti\u00e8re magnifiques dans un vert qui contraste avec la cime de p\u00e2le (2818 m) et ses marnes noires. La cime de l&rsquo;Aspre pointe son nez.<\/p>\n<p>Au retour nous retrouvons les patous !, le troupeau nous a suivi \u00e0 notre surprise. Une nouvelle fois il faut passer \u00e0 travers le troupeau ! Les patous apr\u00e8s nous avoir reconnus se montrent plus dociles. Nous repassons dans la for\u00eat manger des framboises. Les gorges du bourdous, v\u00e9ritable \u00e9chancrure taill\u00e9e dans la roche s\u00e9dimentaire montre un paysage grandiose et ouvre aussi une vue sur la vall\u00e9e du Var.<\/p>\n<p>Nous prenons une derni\u00e8re pose sur le bord du sentier (taill\u00e9 dans la roche) au bord de la falaise. L&rsquo;endroit est magnifique. Difficile de rentrer \u00e0 la maison !<\/p>\n<p>Merci \u00e0 Jonathan, Christine et Jo\u00eblle pour les photos<\/p>\nngg_shortcode_0_placeholder\n<p>&nbsp;<\/p>\n<p>&nbsp;<\/p>\n","protected":false},"excerpt":{"rendered":"<p>Les cabanes de la Bouli\u00e8re \u2013Sentinelles de la Vall\u00e9e du Bourdous Dans sa qu\u00eate de vous emmener l\u00e0 o\u00f9 d&rsquo;autres n&rsquo;osent le faire, Terres d&rsquo;\u00e9motions n&rsquo;h\u00e9site pas \u00e0 vous faire d\u00e9couvrir des gorges surprenantes, des cascades et de rencontre inattendues avec des patous. Vivre la randonn\u00e9es c&rsquo;est vivre des \u00e9motions insolites. Tout d&rsquo;abord il faudra [&hellip;]<\/p>\n","protected":false},"author":1,"featured_media":5725,"comment_status":"open","ping_status":"open","sticky":false,"template":"","format":"standard","meta":{"_bbp_topic_count":0,"_bbp_reply_count":0,"_bbp_total_topic_count":0,"_bbp_total_reply_count":0,"_bbp_voice_count":0,"_bbp_anonymous_reply_count":0,"_bbp_topic_count_hidden":0,"_bbp_reply_count_hidden":0,"_bbp_forum_subforum_count":0,"content-type":"","_exactmetrics_skip_tracking":false,"_exactmetrics_sitenote_active":false,"_exactmetrics_sitenote_note":"","_exactmetrics_sitenote_category":0,"_monsterinsights_skip_tracking":false,"_monsterinsights_sitenote_active":false,"_monsterinsights_sitenote_note":"","_monsterinsights_sitenote_category":0,"ngg_post_thumbnail":0,"_price":"","_stock":"","_tribe_ticket_header":"","_tribe_default_ticket_provider":"","_tribe_ticket_capacity":"0","_ticket_start_date":"","_ticket_end_date":"","_tribe_ticket_show_description":"","_tribe_ticket_show_not_going":false,"_tribe_ticket_use_global_stock":"","_tribe_ticket_global_stock_level":"","_global_stock_mode":"","_global_stock_cap":"","_tribe_rsvp_for_event":"","_tribe_ticket_going_count":"","_tribe_ticket_not_going_count":"","_tribe_tickets_list":"[]","_tribe_ticket_has_attendee_info_fields":false,"_jetpack_memberships_contains_paid_content":false,"footnotes":""},"categories":[265,267,1],"tags":[365,20,372,300],"class_list":["post-5722","post","type-post","status-publish","format-standard","has-post-thumbnail","hentry","category-les-niveaux","category-niveau-2","category-vallee-du-var","tag-lacs-de-montagne","tag-lacs-du-mercantour","tag-panorama","tag-terres-demotions"],"jetpack_featured_media_url":"https:\/\/terresdemotions.fr\/wp-content\/uploads\/ngg_featured\/20180909_123909.jpg","jetpack_sharing_enabled":true,"_links":{"self":[{"href":"https:\/\/terresdemotions.fr\/index.php\/wp-json\/wp\/v2\/posts\/5722","targetHints":{"allow":["GET"]}}],"collection":[{"href":"https:\/\/terresdemotions.fr\/index.php\/wp-json\/wp\/v2\/posts"}],"about":[{"href":"https:\/\/terresdemotions.fr\/index.php\/wp-json\/wp\/v2\/types\/post"}],"author":[{"embeddable":true,"href":"https:\/\/terresdemotions.fr\/index.php\/wp-json\/wp\/v2\/users\/1"}],"replies":[{"embeddable":true,"href":"https:\/\/terresdemotions.fr\/index.php\/wp-json\/wp\/v2\/comments?post=5722"}],"version-history":[{"count":6,"href":"https:\/\/terresdemotions.fr\/index.php\/wp-json\/wp\/v2\/posts\/5722\/revisions"}],"predecessor-version":[{"id":6193,"href":"https:\/\/terresdemotions.fr\/index.php\/wp-json\/wp\/v2\/posts\/5722\/revisions\/6193"}],"wp:featuredmedia":[{"embeddable":true,"href":"https:\/\/terresdemotions.fr\/index.php\/wp-json\/wp\/v2\/media\/5725"}],"wp:attachment":[{"href":"https:\/\/terresdemotions.fr\/index.php\/wp-json\/wp\/v2\/media?parent=5722"}],"wp:term":[{"taxonomy":"category","embeddable":true,"href":"https:\/\/terresdemotions.fr\/index.php\/wp-json\/wp\/v2\/categories?post=5722"},{"taxonomy":"post_tag","embeddable":true,"href":"https:\/\/terresdemotions.fr\/index.php\/wp-json\/wp\/v2\/tags?post=5722"}],"curies":[{"name":"wp","href":"https:\/\/api.w.org\/{rel}","templated":true}]}}