{"id":5903,"date":"2018-09-21T21:55:42","date_gmt":"2018-09-21T19:55:42","guid":{"rendered":"http:\/\/terresdemotions.fr\/?p=5903"},"modified":"2018-10-29T16:50:27","modified_gmt":"2018-10-29T15:50:27","slug":"nebuleuse-de-petits-lacs-en-cascade-les-lacs-morgons-et-laussets-tinee-mercantour","status":"publish","type":"post","link":"https:\/\/terresdemotions.fr\/index.php\/2018\/09\/21\/nebuleuse-de-petits-lacs-en-cascade-les-lacs-morgons-et-laussets-tinee-mercantour\/","title":{"rendered":"N\u00e9buleuse de petits lacs en cascade : les lacs Morgons et Laussets (Tin\u00e9e Mercantour)"},"content":{"rendered":"<p><a href=\"https:\/\/www.eventbrite.fr\/e\/billets-programme-clubrando06-2018-9958402851?ref=ebtn\" target=\"_blank\" rel=\"noopener\"><img decoding=\"async\" src=\"https:\/\/www.eventbrite.fr\/custombutton?eid=9958402851\" alt=\"Eventbrite - Programme clubrando06 : 2018\"><\/a><\/p>\n<h3><strong>&nbsp;N\u00e9buleuse de petits lacs en cascade : les lacs Morgons et Laussets (Tin\u00e9e Mercantour)<\/strong><\/h3>\n<p>L&rsquo;immensit\u00e9 d&rsquo;abord, celle du vallon de Salso Moreno, \u00e0 la g\u00e9ologie vari\u00e9e, avec notre Guide de Rando Terres d&rsquo;Emotions Fabrice.<\/p>\n<p>Quelques nuages et chappes de brouillard pour en accentuer la grandeur. De tr\u00e8s nombreuses marmottes pour le plaisir du groupe. Les toutes premi\u00e8res couleurs d&rsquo;automne avec l&rsquo;omnipr\u00e9sence de myrtilliers rouges. Une pause d\u00e9jeuner sur les rives du premier lac anim\u00e9e par beaucoup de convivialit\u00e9 et de partage. Et le plaisir d&rsquo;une escapade apr\u00e8s le d\u00e9jeuner entre les 4 lacs Morgons, l&rsquo;Enchastraye en d\u00e9bordement.<\/p>\n<p>Et la surprise d&rsquo;en d\u00e9couvrir d&rsquo;autres dans le prolongement : les lacs Laussets, avec toute la haute Vall\u00e9e de la Tin\u00e9e en toile de fond ! Se laisser glisser ensuite, plong\u00e9s dans les plus belles lumi\u00e8res de fin d&rsquo;apr\u00e8s midi, sur le sentier des Lacs de Vens pour retrouver le hameau authentique du Pra, et finaliser une tr\u00e8s belle travers\u00e9e hors des sentiers balis\u00e9s, avec d\u00e9j\u00e0 l&rsquo;envie de revenir go\u00fbter aux plaisirs de l&rsquo;altitude au sommet de la T\u00eate de l&rsquo;Enchastraye.<\/p>\n<p>&nbsp;<\/p>\nngg_shortcode_0_placeholder\n","protected":false},"excerpt":{"rendered":"<p>&nbsp;N\u00e9buleuse de petits lacs en cascade : les lacs Morgons et Laussets (Tin\u00e9e Mercantour) L&rsquo;immensit\u00e9 d&rsquo;abord, celle du vallon de Salso Moreno, \u00e0 la g\u00e9ologie vari\u00e9e, avec notre Guide de Rando Terres d&rsquo;Emotions Fabrice. Quelques nuages et chappes de brouillard pour en accentuer la grandeur. De tr\u00e8s nombreuses marmottes pour le plaisir du groupe. Les [&hellip;]<\/p>\n","protected":false},"author":1,"featured_media":5906,"comment_status":"open","ping_status":"open","sticky":false,"template":"","format":"standard","meta":{"_bbp_topic_count":0,"_bbp_reply_count":0,"_bbp_total_topic_count":0,"_bbp_total_reply_count":0,"_bbp_voice_count":0,"_bbp_anonymous_reply_count":0,"_bbp_topic_count_hidden":0,"_bbp_reply_count_hidden":0,"_bbp_forum_subforum_count":0,"content-type":"","_exactmetrics_skip_tracking":false,"_exactmetrics_sitenote_active":false,"_exactmetrics_sitenote_note":"","_exactmetrics_sitenote_category":0,"_monsterinsights_skip_tracking":false,"_monsterinsights_sitenote_active":false,"_monsterinsights_sitenote_note":"","_monsterinsights_sitenote_category":0,"ngg_post_thumbnail":0,"_price":"","_stock":"","_tribe_ticket_header":"","_tribe_default_ticket_provider":"","_tribe_ticket_capacity":"0","_ticket_start_date":"","_ticket_end_date":"","_tribe_ticket_show_description":"","_tribe_ticket_show_not_going":false,"_tribe_ticket_use_global_stock":"","_tribe_ticket_global_stock_level":"","_global_stock_mode":"","_global_stock_cap":"","_tribe_rsvp_for_event":"","_tribe_ticket_going_count":"","_tribe_ticket_not_going_count":"","_tribe_tickets_list":"[]","_tribe_ticket_has_attendee_info_fields":false,"_jetpack_memberships_contains_paid_content":false,"footnotes":""},"categories":[265,267,4],"tags":[365,20,372,300],"class_list":["post-5903","post","type-post","status-publish","format-standard","has-post-thumbnail","hentry","category-les-niveaux","category-niveau-2","category-vallee-de-latinee","tag-lacs-de-montagne","tag-lacs-du-mercantour","tag-panorama","tag-terres-demotions"],"jetpack_featured_media_url":"https:\/\/terresdemotions.fr\/wp-content\/uploads\/ngg_featured\/accompagnateur-en-montagne-raquettes-prealpes-d_azur.JPG","jetpack_sharing_enabled":true,"_links":{"self":[{"href":"https:\/\/terresdemotions.fr\/index.php\/wp-json\/wp\/v2\/posts\/5903","targetHints":{"allow":["GET"]}}],"collection":[{"href":"https:\/\/terresdemotions.fr\/index.php\/wp-json\/wp\/v2\/posts"}],"about":[{"href":"https:\/\/terresdemotions.fr\/index.php\/wp-json\/wp\/v2\/types\/post"}],"author":[{"embeddable":true,"href":"https:\/\/terresdemotions.fr\/index.php\/wp-json\/wp\/v2\/users\/1"}],"replies":[{"embeddable":true,"href":"https:\/\/terresdemotions.fr\/index.php\/wp-json\/wp\/v2\/comments?post=5903"}],"version-history":[{"count":5,"href":"https:\/\/terresdemotions.fr\/index.php\/wp-json\/wp\/v2\/posts\/5903\/revisions"}],"predecessor-version":[{"id":6572,"href":"https:\/\/terresdemotions.fr\/index.php\/wp-json\/wp\/v2\/posts\/5903\/revisions\/6572"}],"wp:featuredmedia":[{"embeddable":true,"href":"https:\/\/terresdemotions.fr\/index.php\/wp-json\/wp\/v2\/media\/5906"}],"wp:attachment":[{"href":"https:\/\/terresdemotions.fr\/index.php\/wp-json\/wp\/v2\/media?parent=5903"}],"wp:term":[{"taxonomy":"category","embeddable":true,"href":"https:\/\/terresdemotions.fr\/index.php\/wp-json\/wp\/v2\/categories?post=5903"},{"taxonomy":"post_tag","embeddable":true,"href":"https:\/\/terresdemotions.fr\/index.php\/wp-json\/wp\/v2\/tags?post=5903"}],"curies":[{"name":"wp","href":"https:\/\/api.w.org\/{rel}","templated":true}]}}