{"id":6623,"date":"2018-11-06T00:02:11","date_gmt":"2018-11-05T23:02:11","guid":{"rendered":"http:\/\/terresdemotions.fr\/?p=6623"},"modified":"2018-11-20T22:42:04","modified_gmt":"2018-11-20T21:42:04","slug":"premieres-neiges-aux-couleurs-dautomne-dans-les-vallons-des-erps-et-de-cerise","status":"publish","type":"post","link":"https:\/\/terresdemotions.fr\/index.php\/2018\/11\/06\/premieres-neiges-aux-couleurs-dautomne-dans-les-vallons-des-erps-et-de-cerise\/","title":{"rendered":"Premi\u00e8res neiges aux couleurs d&rsquo;automne dans les Vallons des Erps et de Cerise"},"content":{"rendered":"<p><a href=\"https:\/\/www.eventbrite.fr\/e\/billets-programme-clubrando06-2018-9958402851?ref=ebtn\" target=\"_blank\" rel=\"noopener\"><img decoding=\"async\" src=\"https:\/\/www.eventbrite.fr\/custombutton?eid=9958402851\" alt=\"Eventbrite - Programme clubrando06 : 2018\"><\/a><\/p>\n<h3><strong>Premi\u00e8res neiges aux couleurs d&rsquo;automne dans les Vallons des Erps et de Cerise<\/strong><\/h3>\n<p>Plein soleil pour commencer cette journ\u00e9e et finalement retenir le Bor\u00e9on comme direction, en plein coeur du Parc National du Mercantour, \u00e0 cause de la fermeture de la route de la Tin\u00e9e, nous emp\u00eachant de nous rendre dans le Vallon de la Bra\u00efsse, comme pr\u00e9vu initialement.<\/p>\n<p>Le but : des m\u00e9l\u00e8zes aux couleurs d&rsquo;automne saupoudr\u00e9s des premi\u00e8res neiges, et entour\u00e9s par les hauts sommets fra\u00eechement pl\u00e2tr\u00e9s. Un itin\u00e9raire facile, avec un d\u00e9part assez exigeant, tr\u00e8s vite oubli\u00e9 en arrivant \u00e0 la vacheries des Erps aux couleurs intenses, sous les barres du Pelago, enti\u00e8rement blanc.<\/p>\n<p>Au gr\u00e8s des lumi\u00e8res changeantes, et des paysages sur la Cime du Piagu face \u00e0 nous, \u00e0 l&rsquo;apparence tr\u00e8s hivernale, nous traversons jusqu&rsquo;\u00e0 rejoindre le torrent du Cavalet et d\u00e9couvrir la f\u00e9erie de la clairi\u00e8re entourant les Vacheries de Cerise : neige immacul\u00e9e et m\u00e9l\u00e9zin aux couleurs d&rsquo;automne.<\/p>\n<p>Encore un effort pour s&rsquo;\u00e9lever \u00e0 2000 m\u00e8tres dans le vallon et trouver une neige de plus en plus profonde, jusqu&rsquo;\u00e0 30 cm. D\u00e9j\u00e0 l&rsquo;envie des plaisirs de la raquettes \u00e0 neige ! Une pause d\u00e9jeuner, et d\u00e9j\u00e0 les premiers petits flocons de neige pour savourer quelques cr\u00eapes. Merci \u00e0 Anne-Marie pour sa confiture de pommes fa\u00eete maison.<\/p>\n<p>De retour \u00e0 la vacherie de Cerise, c&rsquo;est un court trac\u00e9 hors du sentier balis\u00e9 pour le plaisir de traverser les immensit\u00e9s blanches et d\u00e9couvrir un panorama un peu nuageux sur tout le haut Bor\u00e9on. L&rsquo;atmosph\u00e8re de la for\u00eat de sapins qui suivra nous plongera d\u00e9j\u00e0 un peu dans l&rsquo;ambiance de No\u00ebl avant d&rsquo;observer un chamois \u00e0 proximit\u00e9 au pied des barres de la L\u00e8che.<\/p>\n<p>Une journ\u00e9e qui se termine en douceur autour d&rsquo;un chocolat chaud dans la chaleur du restaurant l&rsquo;O \u00e0 la Bouche, d\u00e9cor\u00e9 sp\u00e9cialement pour Halloween. Les randonn\u00e9es en raquettes approchent \u00e0 grand pas : n&rsquo;h\u00e9sitez pas \u00e0 nous contacter \u00e0 ce sujet. Merci \u00e0 Yasmina et Ga\u00ebl pour leurs photos.<\/p>\n<p>Fabrice, Guide Terres d&rsquo;Emotions, Accompagnateur en Montagne.<\/p>\nngg_shortcode_0_placeholder\n<p>&nbsp;<\/p>\n","protected":false},"excerpt":{"rendered":"<p>Premi\u00e8res neiges aux couleurs d&rsquo;automne dans les Vallons des Erps et de Cerise Plein soleil pour commencer cette journ\u00e9e et finalement retenir le Bor\u00e9on comme direction, en plein coeur du Parc National du Mercantour, \u00e0 cause de la fermeture de la route de la Tin\u00e9e, nous emp\u00eachant de nous rendre dans le Vallon de la [&hellip;]<\/p>\n","protected":false},"author":1,"featured_media":6667,"comment_status":"open","ping_status":"open","sticky":false,"template":"","format":"standard","meta":{"_bbp_topic_count":0,"_bbp_reply_count":0,"_bbp_total_topic_count":0,"_bbp_total_reply_count":0,"_bbp_voice_count":0,"_bbp_anonymous_reply_count":0,"_bbp_topic_count_hidden":0,"_bbp_reply_count_hidden":0,"_bbp_forum_subforum_count":0,"content-type":"","_exactmetrics_skip_tracking":false,"_exactmetrics_sitenote_active":false,"_exactmetrics_sitenote_note":"","_exactmetrics_sitenote_category":0,"_monsterinsights_skip_tracking":false,"_monsterinsights_sitenote_active":false,"_monsterinsights_sitenote_note":"","_monsterinsights_sitenote_category":0,"ngg_post_thumbnail":0,"_price":"","_stock":"","_tribe_ticket_header":"","_tribe_default_ticket_provider":"","_tribe_ticket_capacity":"0","_ticket_start_date":"","_ticket_end_date":"","_tribe_ticket_show_description":"","_tribe_ticket_show_not_going":false,"_tribe_ticket_use_global_stock":"","_tribe_ticket_global_stock_level":"","_global_stock_mode":"","_global_stock_cap":"","_tribe_rsvp_for_event":"","_tribe_ticket_going_count":"","_tribe_ticket_not_going_count":"","_tribe_tickets_list":"[]","_tribe_ticket_has_attendee_info_fields":false,"_jetpack_memberships_contains_paid_content":false,"footnotes":""},"categories":[265,267,7],"tags":[20,372,300],"class_list":["post-6623","post","type-post","status-publish","format-standard","has-post-thumbnail","hentry","category-les-niveaux","category-niveau-2","category-vallee-de-la-vesubie","tag-lacs-du-mercantour","tag-panorama","tag-terres-demotions"],"jetpack_featured_media_url":"https:\/\/terresdemotions.fr\/wp-content\/uploads\/ngg_featured\/20181101_1112051.jpg","jetpack_sharing_enabled":true,"_links":{"self":[{"href":"https:\/\/terresdemotions.fr\/index.php\/wp-json\/wp\/v2\/posts\/6623","targetHints":{"allow":["GET"]}}],"collection":[{"href":"https:\/\/terresdemotions.fr\/index.php\/wp-json\/wp\/v2\/posts"}],"about":[{"href":"https:\/\/terresdemotions.fr\/index.php\/wp-json\/wp\/v2\/types\/post"}],"author":[{"embeddable":true,"href":"https:\/\/terresdemotions.fr\/index.php\/wp-json\/wp\/v2\/users\/1"}],"replies":[{"embeddable":true,"href":"https:\/\/terresdemotions.fr\/index.php\/wp-json\/wp\/v2\/comments?post=6623"}],"version-history":[{"count":6,"href":"https:\/\/terresdemotions.fr\/index.php\/wp-json\/wp\/v2\/posts\/6623\/revisions"}],"predecessor-version":[{"id":6781,"href":"https:\/\/terresdemotions.fr\/index.php\/wp-json\/wp\/v2\/posts\/6623\/revisions\/6781"}],"wp:featuredmedia":[{"embeddable":true,"href":"https:\/\/terresdemotions.fr\/index.php\/wp-json\/wp\/v2\/media\/6667"}],"wp:attachment":[{"href":"https:\/\/terresdemotions.fr\/index.php\/wp-json\/wp\/v2\/media?parent=6623"}],"wp:term":[{"taxonomy":"category","embeddable":true,"href":"https:\/\/terresdemotions.fr\/index.php\/wp-json\/wp\/v2\/categories?post=6623"},{"taxonomy":"post_tag","embeddable":true,"href":"https:\/\/terresdemotions.fr\/index.php\/wp-json\/wp\/v2\/tags?post=6623"}],"curies":[{"name":"wp","href":"https:\/\/api.w.org\/{rel}","templated":true}]}}