{"id":6732,"date":"2018-11-20T22:45:45","date_gmt":"2018-11-20T21:45:45","guid":{"rendered":"http:\/\/terresdemotions.fr\/?p=6732"},"modified":"2019-09-08T22:40:51","modified_gmt":"2019-09-08T20:40:51","slug":"cime-forestiere-au-plus-haut-village-littoral-deurope-cascades-et-chateau-fort-cime-du-baudon","status":"publish","type":"post","link":"https:\/\/terresdemotions.fr\/index.php\/2018\/11\/20\/cime-forestiere-au-plus-haut-village-littoral-deurope-cascades-et-chateau-fort-cime-du-baudon\/","title":{"rendered":"Cime foresti\u00e8re au plus haut village littoral d\u2019Europe : cascades et ch\u00e2teau fort. Cime du baudon"},"content":{"rendered":"<p><a href=\"https:\/\/www.eventbrite.fr\/e\/billets-programme-clubrando06-2018-9958402851?ref=ebtn\" target=\"_blank\" rel=\"noopener noreferrer\"><img decoding=\"async\" src=\"https:\/\/www.eventbrite.fr\/custombutton?eid=9958402851\" alt=\"Eventbrite - Programme clubrando06 : 2018\"><\/a><\/p>\n<h3><strong>Cime foresti\u00e8re au plus haut village littoral d\u2019Europe : cascades et ch\u00e2teau fort. Cime du baudon<\/strong><\/h3>\n<p>Gr\u00e2ce \u00e0 l&rsquo;agitation des villes en cette journ\u00e9e, le calme en montagne.<\/p>\n<p>Un vent assez marqu\u00e9 pour nous garantir une luminosit\u00e9 et une vue mer imprenable en ces lieux tr\u00e8s panoramiques. S&rsquo;\u00e9lever rapidement au d\u00e9part du village de Saint Agn\u00e8s pour \u00e9voluer entre les derni\u00e8res couleurs d&rsquo;automne. Et nous voil\u00e0 rapidement \u00e0 hauteur de la Cime Bausson, face au Mercantour enneig\u00e9 et \u00e0 la mer o\u00f9 la Corse ne se laisse pas entrevoir.<\/p>\n<p>Regards aussi sur l&rsquo;Italie avec la c\u00f4te Ligure. Et Menton, Roquebrune et le Cap Martin omnipr\u00e9sents. Une atmosph\u00e8re tr\u00e8s foresti\u00e8re ensuite, dans la bonne humeur, pour parvenir un peu avant le d\u00e9jeuner au sommet de la Cime Baudon.<\/p>\n<p>Et l\u00e0, le panorama qui s&rsquo;ouvre vers la r\u00e9gion ni\u00e7oise, le Cap d&rsquo;Antibes, les Pr\u00e9alpes d&rsquo;Azur avec Gr\u00e9oli\u00e8re les Neiges ou encore le Verdon avec le Pic de Chamatte. Pour trouver moins de vent et se laisser bercer par le soleil, nous entamons la descente sur une clairi\u00e8re id\u00e9ale pour un feu avec le dessert surprise annonc\u00e9 : quelques bananes revenues sur la braise avec du chocolat fondu !<\/p>\n<p>L&rsquo;heure pour nous ensuite de reprendre la direction du village, une tentative pour apercevoir la Cascade du Ray en chemin. Un d\u00e9tour tous ensemble par les vestiges m\u00e9di\u00e9vaux au sommet du village&#8230; avec toujours un panorama saisissant !<\/p>\n<p>Avant de se retrouver tous ensemble autour d&rsquo;un chocolat chaud dans un restaurant du village. Rendez-vous le samedi suivant pour une autre randonn\u00e9e, un autre sommet face \u00e0 la mer, avec les Balcons du Pic de l&rsquo;Ours dans l&rsquo;Est\u00e9rel.<\/p>\n<p>Merci \u00e0 Jonathan et Aur\u00e9lie pour leurs photos.<\/p>\n<p>Fabrice Guide Terres d&rsquo;Emotions, Accompagnateur en Montagne.<\/p>\nngg_shortcode_0_placeholder\n","protected":false},"excerpt":{"rendered":"<p>Cime foresti\u00e8re au plus haut village littoral d\u2019Europe : cascades et ch\u00e2teau fort. Cime du baudon Gr\u00e2ce \u00e0 l&rsquo;agitation des villes en cette journ\u00e9e, le calme en montagne. Un vent assez marqu\u00e9 pour nous garantir une luminosit\u00e9 et une vue mer imprenable en ces lieux tr\u00e8s panoramiques. S&rsquo;\u00e9lever rapidement au d\u00e9part du village de Saint [&hellip;]<\/p>\n","protected":false},"author":1,"featured_media":6785,"comment_status":"open","ping_status":"open","sticky":false,"template":"","format":"standard","meta":{"_bbp_topic_count":0,"_bbp_reply_count":0,"_bbp_total_topic_count":0,"_bbp_total_reply_count":0,"_bbp_voice_count":0,"_bbp_anonymous_reply_count":0,"_bbp_topic_count_hidden":0,"_bbp_reply_count_hidden":0,"_bbp_forum_subforum_count":0,"content-type":"","_exactmetrics_skip_tracking":false,"_exactmetrics_sitenote_active":false,"_exactmetrics_sitenote_note":"","_exactmetrics_sitenote_category":0,"_monsterinsights_skip_tracking":false,"_monsterinsights_sitenote_active":false,"_monsterinsights_sitenote_note":"","_monsterinsights_sitenote_category":0,"ngg_post_thumbnail":0,"_price":"","_stock":"","_tribe_ticket_header":"","_tribe_default_ticket_provider":"","_tribe_ticket_capacity":"0","_ticket_start_date":"","_ticket_end_date":"","_tribe_ticket_show_description":"","_tribe_ticket_show_not_going":false,"_tribe_ticket_use_global_stock":"","_tribe_ticket_global_stock_level":"","_global_stock_mode":"","_global_stock_cap":"","_tribe_rsvp_for_event":"","_tribe_ticket_going_count":"","_tribe_ticket_not_going_count":"","_tribe_tickets_list":"[]","_tribe_ticket_has_attendee_info_fields":false,"_jetpack_memberships_contains_paid_content":false,"footnotes":""},"categories":[265,267,42,9],"tags":[372,300],"class_list":["post-6732","post","type-post","status-publish","format-standard","has-post-thumbnail","hentry","category-les-niveaux","category-niveau-2","category-randonnee","category-vallee-de-la-roya","tag-panorama","tag-terres-demotions"],"jetpack_featured_media_url":"https:\/\/terresdemotions.fr\/wp-content\/uploads\/ngg_featured\/DSC_5029.JPG","jetpack_sharing_enabled":true,"_links":{"self":[{"href":"https:\/\/terresdemotions.fr\/index.php\/wp-json\/wp\/v2\/posts\/6732","targetHints":{"allow":["GET"]}}],"collection":[{"href":"https:\/\/terresdemotions.fr\/index.php\/wp-json\/wp\/v2\/posts"}],"about":[{"href":"https:\/\/terresdemotions.fr\/index.php\/wp-json\/wp\/v2\/types\/post"}],"author":[{"embeddable":true,"href":"https:\/\/terresdemotions.fr\/index.php\/wp-json\/wp\/v2\/users\/1"}],"replies":[{"embeddable":true,"href":"https:\/\/terresdemotions.fr\/index.php\/wp-json\/wp\/v2\/comments?post=6732"}],"version-history":[{"count":4,"href":"https:\/\/terresdemotions.fr\/index.php\/wp-json\/wp\/v2\/posts\/6732\/revisions"}],"predecessor-version":[{"id":9283,"href":"https:\/\/terresdemotions.fr\/index.php\/wp-json\/wp\/v2\/posts\/6732\/revisions\/9283"}],"wp:featuredmedia":[{"embeddable":true,"href":"https:\/\/terresdemotions.fr\/index.php\/wp-json\/wp\/v2\/media\/6785"}],"wp:attachment":[{"href":"https:\/\/terresdemotions.fr\/index.php\/wp-json\/wp\/v2\/media?parent=6732"}],"wp:term":[{"taxonomy":"category","embeddable":true,"href":"https:\/\/terresdemotions.fr\/index.php\/wp-json\/wp\/v2\/categories?post=6732"},{"taxonomy":"post_tag","embeddable":true,"href":"https:\/\/terresdemotions.fr\/index.php\/wp-json\/wp\/v2\/tags?post=6732"}],"curies":[{"name":"wp","href":"https:\/\/api.w.org\/{rel}","templated":true}]}}