{"id":6735,"date":"2018-11-20T22:47:10","date_gmt":"2018-11-20T21:47:10","guid":{"rendered":"http:\/\/terresdemotions.fr\/?p=6735"},"modified":"2018-12-24T14:43:49","modified_gmt":"2018-12-24T13:43:49","slug":"de-canaux-en-cascades-au-plus-grand-lac-du-var-le-lac-de-carces-var","status":"publish","type":"post","link":"https:\/\/terresdemotions.fr\/index.php\/2018\/11\/20\/de-canaux-en-cascades-au-plus-grand-lac-du-var-le-lac-de-carces-var\/","title":{"rendered":"De canaux en cascades au plus grand lac du Var : le Lac de Carc\u00e8s (Var)"},"content":{"rendered":"<p><a href=\"https:\/\/www.eventbrite.fr\/e\/billets-programme-clubrando06-2018-9958402851?ref=ebtn\" target=\"_blank\" rel=\"noopener\"><img decoding=\"async\" src=\"https:\/\/www.eventbrite.fr\/custombutton?eid=9958402851\" alt=\"Eventbrite - Programme clubrando06 : 2018\"><\/a><\/p>\n<h3><strong>De canaux en cascades au plus grand lac du Var : le Lac de Carc\u00e8s (Var)<\/strong><\/h3>\n<p>Une luminosit\u00e9 intense pour nous \u00e9veiller en douceur sur l&rsquo;autoroute autour d&rsquo;un petit d\u00e9jeuner pris sur une aire d&rsquo;autoroute.<\/p>\n<p>Direction, le plus grand Lac du Var ! Et la qui\u00e9tude d&rsquo;un village proven\u00e7al \u00e0 notre arriv\u00e9e sur les lieux. Objectif : une randonn\u00e9e tr\u00e8s vari\u00e9e et en douceur.<\/p>\n<p>Quelques fa\u00e7ades en trompe l&rsquo;oeil au village, suivi d&rsquo;une travers\u00e9e franchement foresti\u00e8re. Quelques chasseurs rencontr\u00e9s en chemin. Et tr\u00e8s vite, l&rsquo;arriv\u00e9e sur une cr\u00eate pour y retrouver le soleil.<\/p>\n<p>Quelques efforts encore, et un promontoire original nous offre un regard presque int\u00e9gral sur le lac. La travers\u00e9e du hameau du Village du Lac ensuite, pour y trouver une plage verdoyante sur les rives du lac, id\u00e9ale pour une pause d\u00e9jeuner tr\u00e8s ensoleill\u00e9e en vert et bleu !<\/p>\n<p>Un d\u00e9marrage en douceur pour d\u00e9couvrir l&rsquo;\u00e9l\u00e9ment marquant du jour : les chutes du Caramy&#8230; que nous oserons approcher d&rsquo;un peu plus pr\u00e8s ! Fl\u00e2neries au fils de l&rsquo;eau ensuite, le long d&rsquo;un canal. Pour regagner tranquillement le village et profiter d&rsquo;un bon chocolat chaud dans un bar du village. Une journ\u00e9e r\u00e9ussie et appr\u00e9ci\u00e9e de tous ! Un autre rendez-vous en Provence prochainement avec le Pic de Bertagne !<\/p>\n<p>Merci \u00e0 Franck, B\u00e9atrice et Aur\u00e9lie pour les photos.<\/p>\n<p>Fabrice Guide Terres d&rsquo;Emotions, Accompagnateur en Montagne.<\/p>\nngg_shortcode_0_placeholder\n","protected":false},"excerpt":{"rendered":"<p>De canaux en cascades au plus grand lac du Var : le Lac de Carc\u00e8s (Var) Une luminosit\u00e9 intense pour nous \u00e9veiller en douceur sur l&rsquo;autoroute autour d&rsquo;un petit d\u00e9jeuner pris sur une aire d&rsquo;autoroute. Direction, le plus grand Lac du Var ! Et la qui\u00e9tude d&rsquo;un village proven\u00e7al \u00e0 notre arriv\u00e9e sur les lieux. [&hellip;]<\/p>\n","protected":false},"author":1,"featured_media":6787,"comment_status":"open","ping_status":"open","sticky":false,"template":"","format":"standard","meta":{"_bbp_topic_count":0,"_bbp_reply_count":0,"_bbp_total_topic_count":0,"_bbp_total_reply_count":0,"_bbp_voice_count":0,"_bbp_anonymous_reply_count":0,"_bbp_topic_count_hidden":0,"_bbp_reply_count_hidden":0,"_bbp_forum_subforum_count":0,"content-type":"","_exactmetrics_skip_tracking":false,"_exactmetrics_sitenote_active":false,"_exactmetrics_sitenote_note":"","_exactmetrics_sitenote_category":0,"_monsterinsights_skip_tracking":false,"_monsterinsights_sitenote_active":false,"_monsterinsights_sitenote_note":"","_monsterinsights_sitenote_category":0,"ngg_post_thumbnail":0,"_price":"","_stock":"","_tribe_ticket_header":"","_tribe_default_ticket_provider":"","_tribe_ticket_capacity":"0","_ticket_start_date":"","_ticket_end_date":"","_tribe_ticket_show_description":"","_tribe_ticket_show_not_going":false,"_tribe_ticket_use_global_stock":"","_tribe_ticket_global_stock_level":"","_global_stock_mode":"","_global_stock_cap":"","_tribe_rsvp_for_event":"","_tribe_ticket_going_count":"","_tribe_ticket_not_going_count":"","_tribe_tickets_list":"[]","_tribe_ticket_has_attendee_info_fields":false,"_jetpack_memberships_contains_paid_content":false,"footnotes":""},"categories":[180,265,266],"tags":[372,300],"class_list":["post-6735","post","type-post","status-publish","format-standard","has-post-thumbnail","hentry","category-departements-83-13","category-les-niveaux","category-niveau-1","tag-panorama","tag-terres-demotions"],"jetpack_featured_media_url":"https:\/\/terresdemotions.fr\/wp-content\/uploads\/ngg_featured\/IMG_20181118_114826.jpg","jetpack_sharing_enabled":true,"_links":{"self":[{"href":"https:\/\/terresdemotions.fr\/index.php\/wp-json\/wp\/v2\/posts\/6735","targetHints":{"allow":["GET"]}}],"collection":[{"href":"https:\/\/terresdemotions.fr\/index.php\/wp-json\/wp\/v2\/posts"}],"about":[{"href":"https:\/\/terresdemotions.fr\/index.php\/wp-json\/wp\/v2\/types\/post"}],"author":[{"embeddable":true,"href":"https:\/\/terresdemotions.fr\/index.php\/wp-json\/wp\/v2\/users\/1"}],"replies":[{"embeddable":true,"href":"https:\/\/terresdemotions.fr\/index.php\/wp-json\/wp\/v2\/comments?post=6735"}],"version-history":[{"count":4,"href":"https:\/\/terresdemotions.fr\/index.php\/wp-json\/wp\/v2\/posts\/6735\/revisions"}],"predecessor-version":[{"id":7049,"href":"https:\/\/terresdemotions.fr\/index.php\/wp-json\/wp\/v2\/posts\/6735\/revisions\/7049"}],"wp:featuredmedia":[{"embeddable":true,"href":"https:\/\/terresdemotions.fr\/index.php\/wp-json\/wp\/v2\/media\/6787"}],"wp:attachment":[{"href":"https:\/\/terresdemotions.fr\/index.php\/wp-json\/wp\/v2\/media?parent=6735"}],"wp:term":[{"taxonomy":"category","embeddable":true,"href":"https:\/\/terresdemotions.fr\/index.php\/wp-json\/wp\/v2\/categories?post=6735"},{"taxonomy":"post_tag","embeddable":true,"href":"https:\/\/terresdemotions.fr\/index.php\/wp-json\/wp\/v2\/tags?post=6735"}],"curies":[{"name":"wp","href":"https:\/\/api.w.org\/{rel}","templated":true}]}}