{"id":6892,"date":"2018-12-04T18:28:01","date_gmt":"2018-12-04T17:28:01","guid":{"rendered":"http:\/\/terresdemotions.fr\/?p=6892"},"modified":"2018-12-24T14:44:15","modified_gmt":"2018-12-24T13:44:15","slug":"a-la-decouverte-des-villages-perdus-de-la-vallee-de-la-galange","status":"publish","type":"post","link":"https:\/\/terresdemotions.fr\/index.php\/2018\/12\/04\/a-la-decouverte-des-villages-perdus-de-la-vallee-de-la-galange\/","title":{"rendered":"A la d\u00e9couverte des villages perdus de la vall\u00e9e de la Galange"},"content":{"rendered":"<p><a href=\"https:\/\/www.eventbrite.fr\/e\/billets-programme-clubrando06-2018-9958402851?ref=ebtn\" target=\"_blank\" rel=\"noopener\"><img decoding=\"async\" src=\"https:\/\/www.eventbrite.fr\/custombutton?eid=9958402851\" alt=\"Eventbrite - Programme clubrando06 : 2018\"><\/a><\/p>\n<h3><strong>A la d\u00e9couverte des villages perdus de la vall\u00e9e de la Galange<\/strong><\/h3>\n<p>Tr\u00e8s jolie balade au d\u00e9part d\u2019Ubraye, un des principaux village situ\u00e9e dans la vall\u00e9e de la Galange.<\/p>\n<p>Le sentier monte tranquillement dans une for\u00eat avant de sortir sur un replat&nbsp; \u00ab&nbsp;fouent fromaye \u00bb relativement vert. Les r\u00e9centes chutes de neige ont blanchi les sommets,&nbsp; et aussi le sentier sur la cr\u00eate en arrivant \u00e0 la Sagne, dominant la vall\u00e9e de l\u2019Esteron.<\/p>\n<p>La descente vers le petit hameau du Touyet offre une vue magnifique sur la vall\u00e9e.<\/p>\n<p>Merci \u00e0&nbsp; B\u00e9atrice pour les photos.<\/p>\n<p>Yohann Guide Terres d&rsquo;Emotions, Accompagnateur en Montagne.<\/p>\nngg_shortcode_0_placeholder\n","protected":false},"excerpt":{"rendered":"<p>A la d\u00e9couverte des villages perdus de la vall\u00e9e de la Galange Tr\u00e8s jolie balade au d\u00e9part d\u2019Ubraye, un des principaux village situ\u00e9e dans la vall\u00e9e de la Galange. Le sentier monte tranquillement dans une for\u00eat avant de sortir sur un replat&nbsp; \u00ab&nbsp;fouent fromaye \u00bb relativement vert. Les r\u00e9centes chutes de neige ont blanchi les [&hellip;]<\/p>\n","protected":false},"author":1,"featured_media":6895,"comment_status":"open","ping_status":"open","sticky":false,"template":"","format":"standard","meta":{"_bbp_topic_count":0,"_bbp_reply_count":0,"_bbp_total_topic_count":0,"_bbp_total_reply_count":0,"_bbp_voice_count":0,"_bbp_anonymous_reply_count":0,"_bbp_topic_count_hidden":0,"_bbp_reply_count_hidden":0,"_bbp_forum_subforum_count":0,"content-type":"","_exactmetrics_skip_tracking":false,"_exactmetrics_sitenote_active":false,"_exactmetrics_sitenote_note":"","_exactmetrics_sitenote_category":0,"_monsterinsights_skip_tracking":false,"_monsterinsights_sitenote_active":false,"_monsterinsights_sitenote_note":"","_monsterinsights_sitenote_category":0,"ngg_post_thumbnail":0,"_price":"","_stock":"","_tribe_ticket_header":"","_tribe_default_ticket_provider":"","_tribe_ticket_capacity":"0","_ticket_start_date":"","_ticket_end_date":"","_tribe_ticket_show_description":"","_tribe_ticket_show_not_going":false,"_tribe_ticket_use_global_stock":"","_tribe_ticket_global_stock_level":"","_global_stock_mode":"","_global_stock_cap":"","_tribe_rsvp_for_event":"","_tribe_ticket_going_count":"","_tribe_ticket_not_going_count":"","_tribe_tickets_list":"[]","_tribe_ticket_has_attendee_info_fields":false,"_jetpack_memberships_contains_paid_content":false,"footnotes":""},"categories":[265,267,1],"tags":[372,300],"class_list":["post-6892","post","type-post","status-publish","format-standard","has-post-thumbnail","hentry","category-les-niveaux","category-niveau-2","category-vallee-du-var","tag-panorama","tag-terres-demotions"],"jetpack_featured_media_url":"https:\/\/terresdemotions.fr\/wp-content\/uploads\/ngg_featured\/20181201_141216.jpg","jetpack_sharing_enabled":true,"_links":{"self":[{"href":"https:\/\/terresdemotions.fr\/index.php\/wp-json\/wp\/v2\/posts\/6892","targetHints":{"allow":["GET"]}}],"collection":[{"href":"https:\/\/terresdemotions.fr\/index.php\/wp-json\/wp\/v2\/posts"}],"about":[{"href":"https:\/\/terresdemotions.fr\/index.php\/wp-json\/wp\/v2\/types\/post"}],"author":[{"embeddable":true,"href":"https:\/\/terresdemotions.fr\/index.php\/wp-json\/wp\/v2\/users\/1"}],"replies":[{"embeddable":true,"href":"https:\/\/terresdemotions.fr\/index.php\/wp-json\/wp\/v2\/comments?post=6892"}],"version-history":[{"count":6,"href":"https:\/\/terresdemotions.fr\/index.php\/wp-json\/wp\/v2\/posts\/6892\/revisions"}],"predecessor-version":[{"id":7051,"href":"https:\/\/terresdemotions.fr\/index.php\/wp-json\/wp\/v2\/posts\/6892\/revisions\/7051"}],"wp:featuredmedia":[{"embeddable":true,"href":"https:\/\/terresdemotions.fr\/index.php\/wp-json\/wp\/v2\/media\/6895"}],"wp:attachment":[{"href":"https:\/\/terresdemotions.fr\/index.php\/wp-json\/wp\/v2\/media?parent=6892"}],"wp:term":[{"taxonomy":"category","embeddable":true,"href":"https:\/\/terresdemotions.fr\/index.php\/wp-json\/wp\/v2\/categories?post=6892"},{"taxonomy":"post_tag","embeddable":true,"href":"https:\/\/terresdemotions.fr\/index.php\/wp-json\/wp\/v2\/tags?post=6892"}],"curies":[{"name":"wp","href":"https:\/\/api.w.org\/{rel}","templated":true}]}}