{"id":6919,"date":"2018-12-09T20:42:08","date_gmt":"2018-12-09T19:42:08","guid":{"rendered":"http:\/\/terresdemotions.fr\/?p=6919"},"modified":"2019-02-04T21:13:13","modified_gmt":"2019-02-04T20:13:13","slug":"les-calanques-de-luminy-immersion-au-coeur-du-parc-national","status":"publish","type":"post","link":"https:\/\/terresdemotions.fr\/index.php\/2018\/12\/09\/les-calanques-de-luminy-immersion-au-coeur-du-parc-national\/","title":{"rendered":"Les Calanques de Luminy : immersion au c\u0153ur du Parc National"},"content":{"rendered":"<p><a href=\"https:\/\/www.eventbrite.fr\/e\/billets-programme-clubrando06-2018-9958402851?ref=ebtn\" target=\"_blank\" rel=\"noopener\"><img decoding=\"async\" src=\"https:\/\/www.eventbrite.fr\/custombutton?eid=9958402851\" alt=\"Eventbrite - Programme clubrando06 : 2018\"><\/a><\/p>\n<h3><strong>Les Calanques de Luminy : immersion au c\u0153ur du Parc National<\/strong><\/h3>\n<p>Du vent, restant discret, au programme de cette journ\u00e9e d&rsquo;escapade vers l&rsquo;un des lieux les plus marquants du littoral fran\u00e7ais. Gr\u00e2ce \u00e0 lui, une visibilit\u00e9 exceptionnelle. Et le lieu imm\u00e9diat et compl\u00e9mentaire avec une randonn\u00e9e \u00e0 succ\u00e8s du printemps dernier : le Mont Puget !<\/p>\n<p>Et pour d\u00e9marrer cette journ\u00e9e de randonn\u00e9e, un premier objectif : le panorama sensationnel du Belv\u00e9d\u00e8re Saint Michel. Avec un regard sur le Parc National des Calanques jusqu&rsquo;au Cap Sici\u00e9, en passant par le c\u00e9l\u00e8bre Cap Canaille, bient\u00f4t \u00e0 l&rsquo;affiche.<\/p>\n<p>Immersion au coeur de la garrigue ensuite avec une travers\u00e9e en balcon facile pour rejoindre un col, mais surtout, le d\u00e9but d&rsquo;une cr\u00eate tr\u00e8s panoramique, id\u00e9ale pour notre pause d\u00e9jeuner, surplombant la Calanque de Sormiou aux eaux turquoises. Tr\u00e8s vite apr\u00e8s le d\u00e9jeuner, une courte descente, pour se laisser absorber par l&rsquo;univers du village de p\u00eacheurs de Morgiou &nbsp;l&rsquo;histoire d&rsquo;une gourmette, d&rsquo;un roi de France et d&rsquo;une grotte immerg\u00e9e&#8230;<\/p>\n<p>Mais le plus beau reste certainement \u00e0 venir avec le sentier contournant l&rsquo;Aiguille de Sugiton. Atmosph\u00e8re min\u00e9rale tr\u00e8s marqu\u00e9e, vue mer d\u00e9routante sur les falaise du Cap Morgiou, et surtout deux petits passages pour pimenter cette journ\u00e9e. Et la d\u00e9couverte, dans les plus belles lumi\u00e8res de ces journ\u00e9es d&rsquo;hiver, de la Calanque de Sugiton, bord\u00e9e par la falaise des toits. Qui\u00e9tude loin de l&rsquo;agitation estivale.<\/p>\n<p>Et un d\u00e9tour pour apercevoir les falaises de la Calanques des Pierres Tomb\u00e9es. Un retour avec les derni\u00e8res lueurs du jour, tr\u00e8s photog\u00e9niques, avec quelques pins accroch\u00e9s aux falaises. Et d\u00e9j\u00e0 l&rsquo;envie de revenir sur le secteur, lors de l&rsquo;hiver 2019, pour d\u00e9couvrir un secteur compl\u00e9mentaire, celui du sommet de Marseilleveyre.<\/p>\n<p>Merci \u00e0 Romain, Sylvie et Carole pour leurs photos.<\/p>\n<p>Fabrice, Guide Terres d&rsquo;Emotions, Accompagnateur en Montagne.<\/p>\n<p>&nbsp;<\/p>\n","protected":false},"excerpt":{"rendered":"<p>Les Calanques de Luminy : immersion au c\u0153ur du Parc National Du vent, restant discret, au programme de cette journ\u00e9e d&rsquo;escapade vers l&rsquo;un des lieux les plus marquants du littoral fran\u00e7ais. Gr\u00e2ce \u00e0 lui, une visibilit\u00e9 exceptionnelle. Et le lieu imm\u00e9diat et compl\u00e9mentaire avec une randonn\u00e9e \u00e0 succ\u00e8s du printemps dernier : le Mont Puget [&hellip;]<\/p>\n","protected":false},"author":1,"featured_media":6932,"comment_status":"open","ping_status":"open","sticky":false,"template":"","format":"standard","meta":{"_bbp_topic_count":0,"_bbp_reply_count":0,"_bbp_total_topic_count":0,"_bbp_total_reply_count":0,"_bbp_voice_count":0,"_bbp_anonymous_reply_count":0,"_bbp_topic_count_hidden":0,"_bbp_reply_count_hidden":0,"_bbp_forum_subforum_count":0,"content-type":"","_exactmetrics_skip_tracking":false,"_exactmetrics_sitenote_active":false,"_exactmetrics_sitenote_note":"","_exactmetrics_sitenote_category":0,"_monsterinsights_skip_tracking":false,"_monsterinsights_sitenote_active":false,"_monsterinsights_sitenote_note":"","_monsterinsights_sitenote_category":0,"ngg_post_thumbnail":0,"_price":"","_stock":"","_tribe_ticket_header":"","_tribe_default_ticket_provider":"","_tribe_ticket_capacity":"0","_ticket_start_date":"","_ticket_end_date":"","_tribe_ticket_show_description":"","_tribe_ticket_show_not_going":false,"_tribe_ticket_use_global_stock":"","_tribe_ticket_global_stock_level":"","_global_stock_mode":"","_global_stock_cap":"","_tribe_rsvp_for_event":"","_tribe_ticket_going_count":"","_tribe_ticket_not_going_count":"","_tribe_tickets_list":"[]","_tribe_ticket_has_attendee_info_fields":false,"_jetpack_memberships_contains_paid_content":false,"footnotes":""},"categories":[180,265,267],"tags":[372,300],"class_list":["post-6919","post","type-post","status-publish","format-standard","has-post-thumbnail","hentry","category-departements-83-13","category-les-niveaux","category-niveau-2","tag-panorama","tag-terres-demotions"],"jetpack_featured_media_url":"https:\/\/terresdemotions.fr\/wp-content\/uploads\/ngg_featured\/image000000_10.jpg","jetpack_sharing_enabled":true,"_links":{"self":[{"href":"https:\/\/terresdemotions.fr\/index.php\/wp-json\/wp\/v2\/posts\/6919","targetHints":{"allow":["GET"]}}],"collection":[{"href":"https:\/\/terresdemotions.fr\/index.php\/wp-json\/wp\/v2\/posts"}],"about":[{"href":"https:\/\/terresdemotions.fr\/index.php\/wp-json\/wp\/v2\/types\/post"}],"author":[{"embeddable":true,"href":"https:\/\/terresdemotions.fr\/index.php\/wp-json\/wp\/v2\/users\/1"}],"replies":[{"embeddable":true,"href":"https:\/\/terresdemotions.fr\/index.php\/wp-json\/wp\/v2\/comments?post=6919"}],"version-history":[{"count":4,"href":"https:\/\/terresdemotions.fr\/index.php\/wp-json\/wp\/v2\/posts\/6919\/revisions"}],"predecessor-version":[{"id":7618,"href":"https:\/\/terresdemotions.fr\/index.php\/wp-json\/wp\/v2\/posts\/6919\/revisions\/7618"}],"wp:featuredmedia":[{"embeddable":true,"href":"https:\/\/terresdemotions.fr\/index.php\/wp-json\/wp\/v2\/media\/6932"}],"wp:attachment":[{"href":"https:\/\/terresdemotions.fr\/index.php\/wp-json\/wp\/v2\/media?parent=6919"}],"wp:term":[{"taxonomy":"category","embeddable":true,"href":"https:\/\/terresdemotions.fr\/index.php\/wp-json\/wp\/v2\/categories?post=6919"},{"taxonomy":"post_tag","embeddable":true,"href":"https:\/\/terresdemotions.fr\/index.php\/wp-json\/wp\/v2\/tags?post=6919"}],"curies":[{"name":"wp","href":"https:\/\/api.w.org\/{rel}","templated":true}]}}