{"id":7029,"date":"2018-12-24T14:43:14","date_gmt":"2018-12-24T13:43:14","guid":{"rendered":"http:\/\/terresdemotions.fr\/?p=7029"},"modified":"2019-02-04T21:13:37","modified_gmt":"2019-02-04T20:13:37","slug":"neiges-hivernales-en-haute-tinee-col-danelle-tinee-mercantour","status":"publish","type":"post","link":"https:\/\/terresdemotions.fr\/index.php\/2018\/12\/24\/neiges-hivernales-en-haute-tinee-col-danelle-tinee-mercantour\/","title":{"rendered":"Neiges hivernales en haute Tin\u00e9e &#8211; Col d&rsquo;Anelle (Tin\u00e9e &#8211; Mercantour)"},"content":{"rendered":"<h2><a href=\"https:\/\/www.eventbrite.fr\/e\/billets-programme-clubrando06-2018-9958402851?ref=ebtn\" target=\"_blank\" rel=\"noopener\"><img decoding=\"async\" src=\"https:\/\/www.eventbrite.fr\/custombutton?eid=9958402851\" alt=\"Eventbrite - Programme clubrando06 : 2018\"><\/a><\/h2>\n<h2 class=\"tribe-events-single-event-title\">Neiges hivernales en haute Tin\u00e9e &#8211; Col d&rsquo;Anelle (Tin\u00e9e &#8211; Mercantour)<\/h2>\n<p>Comme une journ\u00e9e de printemps pour ce deuxi\u00e8me jour de l&rsquo;hiver. Et pourtant, la neige est l\u00e0 ! Et nous voil\u00e0 partis \u00e0 deux groupes pour une travers\u00e9e foresti\u00e8re sur les pentes du Col d&rsquo;Annelle.<\/p>\n<p>Une chance ce jour l\u00e0, l&rsquo;absence de damage. Et la nature retrouve ses droits ! Tr\u00e8s vite, avec l&rsquo;altitude, l&rsquo;enneigement devient meilleur. Quelques vieilles b\u00e2tisses en bois de m\u00e9l\u00e8zes en chemin, et le plaisir de traverser une combe immacul\u00e9e ensuite.<\/p>\n<p>L\u00e0, la vue s&rsquo;ouvre : et c&rsquo;est tout l&rsquo;univers d&rsquo;Auron et du Mont Mounier qui s&rsquo;offre \u00e0 nous. Et le soleil aussi : une grande douceur, inhabituelle pour la saison.<\/p>\n<p>Le groupe de Yohann se pose tranquillement sur les hauteurs de la cabane d&rsquo;Annelle pendant que Fabrice et son groupe font le tour et la cime d&rsquo;Annelle. L\u00e0, plus de traces, sauf celles des animaux, et une ambiance r\u00e9solument foresti\u00e8re. Le plaisir d&rsquo;une courte descente aussi au soleil \u00e0 la d\u00e9couverte d&rsquo;une maison oubli\u00e9e.<\/p>\n<p>Le plaisir ensuite de se retrouver tous ensemble pr\u00e8s du feu lors du d\u00e9jeuner, autour de quelques marshmallow grill\u00e9s. La descente nous fera d\u00e9couvrir d&rsquo;autres univers, tr\u00e8s bien enneig\u00e9s. Et surtout, un point tr\u00e8s panoramique, juste au dessus du village de Saint Dalmas le Selvage : la Croix du Belv\u00e9d\u00e8re de Claffournier ! Une descente ludique, et d\u00e9j\u00e0 le temps du retour au moment des jours les plus courts de l&rsquo;ann\u00e9e. Le village s&rsquo;endort dans l&rsquo;attente d&rsquo;une nouvelle chute de neige.<\/p>\n<p>Mais, d\u00e9j\u00e0 pour tous aujourd&rsquo;hui un parfum de No\u00ebl. Et l&rsquo;envie de se retrouver en 2019 pour de nombreuses randonn\u00e9es en raquettes \u00e0 neige.<\/p>\n<p>Yohann &amp; Fabrice, Guides Terres d&rsquo;Emotions, Accompagnateurs en Montagne<\/p>\nngg_shortcode_0_placeholder\n<p>&nbsp;<\/p>\n<p>&nbsp;<\/p>\n<p>&nbsp;<\/p>\n","protected":false},"excerpt":{"rendered":"<p>Neiges hivernales en haute Tin\u00e9e &#8211; Col d&rsquo;Anelle (Tin\u00e9e &#8211; Mercantour) Comme une journ\u00e9e de printemps pour ce deuxi\u00e8me jour de l&rsquo;hiver. Et pourtant, la neige est l\u00e0 ! Et nous voil\u00e0 partis \u00e0 deux groupes pour une travers\u00e9e foresti\u00e8re sur les pentes du Col d&rsquo;Annelle. Une chance ce jour l\u00e0, l&rsquo;absence de damage. Et [&hellip;]<\/p>\n","protected":false},"author":1,"featured_media":7046,"comment_status":"open","ping_status":"open","sticky":false,"template":"","format":"standard","meta":{"_bbp_topic_count":0,"_bbp_reply_count":0,"_bbp_total_topic_count":0,"_bbp_total_reply_count":0,"_bbp_voice_count":0,"_bbp_anonymous_reply_count":0,"_bbp_topic_count_hidden":0,"_bbp_reply_count_hidden":0,"_bbp_forum_subforum_count":0,"content-type":"","_exactmetrics_skip_tracking":false,"_exactmetrics_sitenote_active":false,"_exactmetrics_sitenote_note":"","_exactmetrics_sitenote_category":0,"_monsterinsights_skip_tracking":false,"_monsterinsights_sitenote_active":false,"_monsterinsights_sitenote_note":"","_monsterinsights_sitenote_category":0,"ngg_post_thumbnail":0,"_price":"","_stock":"","_tribe_ticket_header":"","_tribe_default_ticket_provider":"","_tribe_ticket_capacity":"0","_ticket_start_date":"","_ticket_end_date":"","_tribe_ticket_show_description":"","_tribe_ticket_show_not_going":false,"_tribe_ticket_use_global_stock":"","_tribe_ticket_global_stock_level":"","_global_stock_mode":"","_global_stock_cap":"","_tribe_rsvp_for_event":"","_tribe_ticket_going_count":"","_tribe_ticket_not_going_count":"","_tribe_tickets_list":"[]","_tribe_ticket_has_attendee_info_fields":false,"_jetpack_memberships_contains_paid_content":false,"footnotes":""},"categories":[265,267,4],"tags":[372,300],"class_list":["post-7029","post","type-post","status-publish","format-standard","has-post-thumbnail","hentry","category-les-niveaux","category-niveau-2","category-vallee-de-latinee","tag-panorama","tag-terres-demotions"],"jetpack_featured_media_url":"https:\/\/terresdemotions.fr\/wp-content\/uploads\/ngg_featured\/20181223_120317.jpg","jetpack_sharing_enabled":true,"_links":{"self":[{"href":"https:\/\/terresdemotions.fr\/index.php\/wp-json\/wp\/v2\/posts\/7029","targetHints":{"allow":["GET"]}}],"collection":[{"href":"https:\/\/terresdemotions.fr\/index.php\/wp-json\/wp\/v2\/posts"}],"about":[{"href":"https:\/\/terresdemotions.fr\/index.php\/wp-json\/wp\/v2\/types\/post"}],"author":[{"embeddable":true,"href":"https:\/\/terresdemotions.fr\/index.php\/wp-json\/wp\/v2\/users\/1"}],"replies":[{"embeddable":true,"href":"https:\/\/terresdemotions.fr\/index.php\/wp-json\/wp\/v2\/comments?post=7029"}],"version-history":[{"count":6,"href":"https:\/\/terresdemotions.fr\/index.php\/wp-json\/wp\/v2\/posts\/7029\/revisions"}],"predecessor-version":[{"id":7621,"href":"https:\/\/terresdemotions.fr\/index.php\/wp-json\/wp\/v2\/posts\/7029\/revisions\/7621"}],"wp:featuredmedia":[{"embeddable":true,"href":"https:\/\/terresdemotions.fr\/index.php\/wp-json\/wp\/v2\/media\/7046"}],"wp:attachment":[{"href":"https:\/\/terresdemotions.fr\/index.php\/wp-json\/wp\/v2\/media?parent=7029"}],"wp:term":[{"taxonomy":"category","embeddable":true,"href":"https:\/\/terresdemotions.fr\/index.php\/wp-json\/wp\/v2\/categories?post=7029"},{"taxonomy":"post_tag","embeddable":true,"href":"https:\/\/terresdemotions.fr\/index.php\/wp-json\/wp\/v2\/tags?post=7029"}],"curies":[{"name":"wp","href":"https:\/\/api.w.org\/{rel}","templated":true}]}}