{"id":7266,"date":"2019-01-07T23:49:54","date_gmt":"2019-01-07T22:49:54","guid":{"rendered":"http:\/\/terresdemotions.fr\/?p=7266"},"modified":"2019-02-04T21:13:51","modified_gmt":"2019-02-04T20:13:51","slug":"luceram-cime-du-grand-braus-creches-de-noel","status":"publish","type":"post","link":"https:\/\/terresdemotions.fr\/index.php\/2019\/01\/07\/luceram-cime-du-grand-braus-creches-de-noel\/","title":{"rendered":"Luc\u00e9ram- cime du grand Braus -cr\u00e8ches de no\u00ebl"},"content":{"rendered":"<h2><a href=\"https:\/\/www.eventbrite.fr\/e\/billets-programme-clubrando06-2018-9958402851?ref=ebtn\" target=\"_blank\" rel=\"noopener\"><img decoding=\"async\" src=\"https:\/\/www.eventbrite.fr\/custombutton?eid=9958402851\" alt=\"Eventbrite - Programme clubrando06 : 2018\"><\/a><\/h2>\n<h2 class=\"tribe-events-single-event-title\">Luc\u00e9ram- cime du grand Braus -cr\u00eaches de no\u00ebl<\/h2>\n<p>En cette premi\u00e8re sortie de 2019, le soleil est g\u00e9n\u00e9reux, pas de vent. Les parkings sont d\u00e9j\u00e0 pleins \u00e0 8h30 du matin. Nous traversons le village de Luc\u00e9ram, apercevons quelques cr\u00e8ches dans les rues encore endormies.<\/p>\n<p>Tr\u00e8s vite nous prenons le sentier qui noue emm\u00e8nera au col de l&rsquo;abl\u00e9. Le sentier serpente doucement pour arriver sur une ligne de cr\u00eate d&rsquo;o\u00f9 l&rsquo;on voit les sommets enneig\u00e9s de la cime du Diable, du mont B\u00e9go et du grand Capelet. La neige malheureusement en ce d\u00e9but d&rsquo;ann\u00e9e se fait rare. De la cr\u00eate la vall\u00e9e de la b\u00e9v\u00e9ra se dessine avec au loin&nbsp; la vall\u00e9e de la Roya.<\/p>\n<p>Le Mont Torrage n&rsquo;est pas loin. Ensuite nous longeons a flan de montagne la cime du Grand Braus, sentier en balcon dominant le village de Luc\u00e9ram. Le d\u00e9jeuner&nbsp; se passe au soleil avec un panorama Mer\/montagne imprenable, vues du Mercantour des sommets de l\u2019Est\u00e9rel en passant par le cap d&rsquo;Antibes.<\/p>\n<p>Bien que perturb\u00e9 par deux chiens nous ayant suivis une partie de la matin\u00e9e, nous d\u00e9cidons de tirer les rois au soleil avec quelques bouteilles de cidre. Apr\u00e8s une heure de repos nous d\u00e9cidons de repartir pour essayer de profiter de la galette g\u00e9ante organis\u00e9e en hommage \u00e0 la venue des rois mages dans le village.<\/p>\n<p>Malheureusement pour nous, nous arrivons 30 minutes trop tard. N\u00e9anmoins nous profitons du soleil pour visiter le village o\u00f9 chacun aura eu le temps de rentrer dans les diff\u00e9rents \u00e9difices pour prendre en photos les cr\u00e8ches de toutes natures de Luc\u00e9ram.<\/p>\n<p>Merci \u00e0 Ga\u00ebl pour les photos<\/p>\n<p>Yohann&nbsp; Guide Terres d&rsquo;Emotions, Accompagnateurs en Montagne<\/p>\nngg_shortcode_0_placeholder\n<p>&nbsp;<\/p>\n<p>&nbsp;<\/p>\n<p>&nbsp;<\/p>\n","protected":false},"excerpt":{"rendered":"<p>En cette premi\u00e8re sortie de 2019, le soleil est g\u00e9n\u00e9reux, pas de vent. Les parkings sont d\u00e9j\u00e0 pleins \u00e0 8h30 du matin. Nous traversons le village de Luc\u00e9ram, apercevons quelques cr\u00e8ches dans les rues encore endormies.<\/p>\n","protected":false},"author":1,"featured_media":7274,"comment_status":"open","ping_status":"open","sticky":false,"template":"","format":"standard","meta":{"_bbp_topic_count":0,"_bbp_reply_count":0,"_bbp_total_topic_count":0,"_bbp_total_reply_count":0,"_bbp_voice_count":0,"_bbp_anonymous_reply_count":0,"_bbp_topic_count_hidden":0,"_bbp_reply_count_hidden":0,"_bbp_forum_subforum_count":0,"content-type":"","_exactmetrics_skip_tracking":false,"_exactmetrics_sitenote_active":false,"_exactmetrics_sitenote_note":"","_exactmetrics_sitenote_category":0,"_monsterinsights_skip_tracking":false,"_monsterinsights_sitenote_active":false,"_monsterinsights_sitenote_note":"","_monsterinsights_sitenote_category":0,"ngg_post_thumbnail":0,"_price":"","_stock":"","_tribe_ticket_header":"","_tribe_default_ticket_provider":"","_tribe_ticket_capacity":"0","_ticket_start_date":"","_ticket_end_date":"","_tribe_ticket_show_description":"","_tribe_ticket_show_not_going":false,"_tribe_ticket_use_global_stock":"","_tribe_ticket_global_stock_level":"","_global_stock_mode":"","_global_stock_cap":"","_tribe_rsvp_for_event":"","_tribe_ticket_going_count":"","_tribe_ticket_not_going_count":"","_tribe_tickets_list":"[]","_tribe_ticket_has_attendee_info_fields":false,"_jetpack_memberships_contains_paid_content":false,"footnotes":""},"categories":[265,267,9],"tags":[372,300],"class_list":["post-7266","post","type-post","status-publish","format-standard","has-post-thumbnail","hentry","category-les-niveaux","category-niveau-2","category-vallee-de-la-roya","tag-panorama","tag-terres-demotions"],"jetpack_featured_media_url":"https:\/\/terresdemotions.fr\/wp-content\/uploads\/2019\/01\/20190106_151508-scaled.jpg","jetpack_sharing_enabled":true,"_links":{"self":[{"href":"https:\/\/terresdemotions.fr\/index.php\/wp-json\/wp\/v2\/posts\/7266","targetHints":{"allow":["GET"]}}],"collection":[{"href":"https:\/\/terresdemotions.fr\/index.php\/wp-json\/wp\/v2\/posts"}],"about":[{"href":"https:\/\/terresdemotions.fr\/index.php\/wp-json\/wp\/v2\/types\/post"}],"author":[{"embeddable":true,"href":"https:\/\/terresdemotions.fr\/index.php\/wp-json\/wp\/v2\/users\/1"}],"replies":[{"embeddable":true,"href":"https:\/\/terresdemotions.fr\/index.php\/wp-json\/wp\/v2\/comments?post=7266"}],"version-history":[{"count":20,"href":"https:\/\/terresdemotions.fr\/index.php\/wp-json\/wp\/v2\/posts\/7266\/revisions"}],"predecessor-version":[{"id":7622,"href":"https:\/\/terresdemotions.fr\/index.php\/wp-json\/wp\/v2\/posts\/7266\/revisions\/7622"}],"wp:featuredmedia":[{"embeddable":true,"href":"https:\/\/terresdemotions.fr\/index.php\/wp-json\/wp\/v2\/media\/7274"}],"wp:attachment":[{"href":"https:\/\/terresdemotions.fr\/index.php\/wp-json\/wp\/v2\/media?parent=7266"}],"wp:term":[{"taxonomy":"category","embeddable":true,"href":"https:\/\/terresdemotions.fr\/index.php\/wp-json\/wp\/v2\/categories?post=7266"},{"taxonomy":"post_tag","embeddable":true,"href":"https:\/\/terresdemotions.fr\/index.php\/wp-json\/wp\/v2\/tags?post=7266"}],"curies":[{"name":"wp","href":"https:\/\/api.w.org\/{rel}","templated":true}]}}