{"id":7429,"date":"2019-01-15T00:09:17","date_gmt":"2019-01-14T23:09:17","guid":{"rendered":"http:\/\/terresdemotions.fr\/?p=7429"},"modified":"2019-03-13T13:53:30","modified_gmt":"2019-03-13T12:53:30","slug":"escapade-en-raquettes-sur-le-plateau-de-st-jean-et-le-bois-tailler","status":"publish","type":"post","link":"https:\/\/terresdemotions.fr\/index.php\/2019\/01\/15\/escapade-en-raquettes-sur-le-plateau-de-st-jean-et-le-bois-tailler\/","title":{"rendered":"Escapade en raquettes sur le plateau de St Jean et le bois Tailler"},"content":{"rendered":"<h2><a href=\"https:\/\/www.eventbrite.fr\/e\/billets-programme-clubrando06-2018-9958402851?ref=ebtn\" target=\"_blank\" rel=\"noopener\"><img decoding=\"async\" src=\"https:\/\/www.eventbrite.fr\/custombutton?eid=9958402851\" alt=\"Eventbrite - Programme clubrando06 : 2018\"><\/a><\/h2>\n<h2 class=\"tribe-events-single-event-title\">Escapade en raquettes sur le plateau de St Jean et le bois Tailler<\/h2>\n<p>Une superbe journ\u00e9e d&rsquo;hiver. Un froid objectif mais de la douceur en ressenti. Et de la neige surtout, m\u00eame si la trouver est difficile.<\/p>\n<p>Le plaisir de se retrouver toujours aussi nombreux. Et deux groupes form\u00e9s pour l&rsquo;occasion, en compagnie de Yohann et Fabrice. Deux niveaux propos\u00e9s, une fois n&rsquo;est pas coutume.<\/p>\n<p>Pour les uns, le tr\u00e8s classique Plateau de Saint Jean, mais revu de mani\u00e8re plus originale pour encha\u00eener huit ressauts successifs. Pour les autres, l&rsquo;appel de la for\u00eat de Tailler, plus intimiste, surplombant, sans le savoir, le tr\u00e8s surprenant Vallon de Challandres, bien connu des adeptes de canyoning.<\/p>\n<p>Une pause d\u00e9jeuner solarium pour les uns, mais pour tous les plaisirs renouvel\u00e9s de la galette.<\/p>\n<p>Merci \u00e0 Ga\u00ebl pour son initiative culinaire !<\/p>\n<p>Des panoramas sur l&rsquo;int\u00e9gralit\u00e9 du Mercantour. Et descentes ludiques pour tous, voire confinant \u00e0 la glissade !<\/p>\n<p>Et se r\u00e9unir pour terminer ensemble nos deux boucles de rando, avant de profiter du plaisir de boire un verre ensemble \u00e0 Beuil.<\/p>\n<p>Merci \u00e0 Ga\u00ebl pour les photos<\/p>\n<p>Fabrice et Yohann, Guides Terres d&rsquo;Emotions, Accompagnateurs en Montagne.&nbsp;<\/p>\nngg_shortcode_0_placeholder\n<p>Fabrice et Yohann, Guides Terres d&rsquo;Emotions, Accompagnateurs en Montagne.&nbsp;<\/p>\n<p>&nbsp;<\/p>\n<p>&nbsp;<\/p>\n<p>&nbsp;<\/p>\n<p>&nbsp;<\/p>\n","protected":false},"excerpt":{"rendered":"<p>Une superbe journ\u00e9e d&rsquo;hiver. Un froid objectif mais de la douceur en ressenti. Et de la neige surtout, m\u00eame si la trouver est difficile<\/p>\n","protected":false},"author":1,"featured_media":7431,"comment_status":"open","ping_status":"open","sticky":false,"template":"","format":"standard","meta":{"_bbp_topic_count":0,"_bbp_reply_count":0,"_bbp_total_topic_count":0,"_bbp_total_reply_count":0,"_bbp_voice_count":0,"_bbp_anonymous_reply_count":0,"_bbp_topic_count_hidden":0,"_bbp_reply_count_hidden":0,"_bbp_forum_subforum_count":0,"content-type":"","_exactmetrics_skip_tracking":false,"_exactmetrics_sitenote_active":false,"_exactmetrics_sitenote_note":"","_exactmetrics_sitenote_category":0,"_monsterinsights_skip_tracking":false,"_monsterinsights_sitenote_active":false,"_monsterinsights_sitenote_note":"","_monsterinsights_sitenote_category":0,"ngg_post_thumbnail":0,"_price":"","_stock":"","_tribe_ticket_header":"","_tribe_default_ticket_provider":"","_tribe_ticket_capacity":"0","_ticket_start_date":"","_ticket_end_date":"","_tribe_ticket_show_description":"","_tribe_ticket_show_not_going":false,"_tribe_ticket_use_global_stock":"","_tribe_ticket_global_stock_level":"","_global_stock_mode":"","_global_stock_cap":"","_tribe_rsvp_for_event":"","_tribe_ticket_going_count":"","_tribe_ticket_not_going_count":"","_tribe_tickets_list":"[]","_tribe_ticket_has_attendee_info_fields":false,"_jetpack_memberships_contains_paid_content":false,"footnotes":""},"categories":[265,266,267,8],"tags":[372,300],"class_list":["post-7429","post","type-post","status-publish","format-standard","has-post-thumbnail","hentry","category-les-niveaux","category-niveau-1","category-niveau-2","category-vallee-du-cians","tag-panorama","tag-terres-demotions"],"jetpack_featured_media_url":"https:\/\/terresdemotions.fr\/wp-content\/uploads\/2019\/01\/20190113_121849-scaled.jpg","jetpack_sharing_enabled":true,"_links":{"self":[{"href":"https:\/\/terresdemotions.fr\/index.php\/wp-json\/wp\/v2\/posts\/7429","targetHints":{"allow":["GET"]}}],"collection":[{"href":"https:\/\/terresdemotions.fr\/index.php\/wp-json\/wp\/v2\/posts"}],"about":[{"href":"https:\/\/terresdemotions.fr\/index.php\/wp-json\/wp\/v2\/types\/post"}],"author":[{"embeddable":true,"href":"https:\/\/terresdemotions.fr\/index.php\/wp-json\/wp\/v2\/users\/1"}],"replies":[{"embeddable":true,"href":"https:\/\/terresdemotions.fr\/index.php\/wp-json\/wp\/v2\/comments?post=7429"}],"version-history":[{"count":4,"href":"https:\/\/terresdemotions.fr\/index.php\/wp-json\/wp\/v2\/posts\/7429\/revisions"}],"predecessor-version":[{"id":7965,"href":"https:\/\/terresdemotions.fr\/index.php\/wp-json\/wp\/v2\/posts\/7429\/revisions\/7965"}],"wp:featuredmedia":[{"embeddable":true,"href":"https:\/\/terresdemotions.fr\/index.php\/wp-json\/wp\/v2\/media\/7431"}],"wp:attachment":[{"href":"https:\/\/terresdemotions.fr\/index.php\/wp-json\/wp\/v2\/media?parent=7429"}],"wp:term":[{"taxonomy":"category","embeddable":true,"href":"https:\/\/terresdemotions.fr\/index.php\/wp-json\/wp\/v2\/categories?post=7429"},{"taxonomy":"post_tag","embeddable":true,"href":"https:\/\/terresdemotions.fr\/index.php\/wp-json\/wp\/v2\/tags?post=7429"}],"curies":[{"name":"wp","href":"https:\/\/api.w.org\/{rel}","templated":true}]}}