{"id":7813,"date":"2019-03-04T21:28:25","date_gmt":"2019-03-04T20:28:25","guid":{"rendered":"http:\/\/terresdemotions.fr\/?p=7813"},"modified":"2019-03-25T19:21:38","modified_gmt":"2019-03-25T18:21:38","slug":"vallon-de-la-boucharde-haut-var-parc-du-mercantour","status":"publish","type":"post","link":"https:\/\/terresdemotions.fr\/index.php\/2019\/03\/04\/vallon-de-la-boucharde-haut-var-parc-du-mercantour\/","title":{"rendered":"Vallon de la Boucharde (Haut Var -parc du Mercantour)"},"content":{"rendered":"<h2><a href=\"https:\/\/www.eventbrite.fr\/e\/billets-programme-clubrando06-2018-9958402851?ref=ebtn\" target=\"_blank\" rel=\"noopener noreferrer\"><img decoding=\"async\" src=\"https:\/\/www.eventbrite.fr\/custombutton?eid=9958402851\" alt=\"Eventbrite - Programme clubrando06 : 2018\"><\/a><\/h2>\n<h2 class=\"tribe-events-single-event-title\">Vallon de la Boucharde (Haut Var -parc du Mercantour)<\/h2>\n<p>Un parcours routier tout en douceur et d\u00e9j\u00e0 le plaisir de d\u00e9couvrir Entreveaux et sa citadelle, mais surtout les surprenantes Gorges de Daluis.<\/p>\n<p>Le temps d&rsquo;une pause ensoleill\u00e9e devant la boulangerie de Guillaumes pour s&rsquo;approprier un peu les lieux. Et d\u00e9couvrir, \u00e0 la toute fin de la route, la qualit\u00e9 de l&rsquo;enneigement d&rsquo;Estenc !<\/p>\n<p>Quelques centaines de m\u00e8tres sur la route enneig\u00e9e pour longer ensuite le vallon tr\u00e8s bucolique le long de la rivi\u00e8re et parvenir ainsi aux cabanes de Sanguini\u00e8re. Certains n&rsquo;h\u00e9siteront pas \u00e0 rev\u00eatir le tee-shirt pour honorer ces conditions tr\u00e8s printani\u00e8res.<\/p>\n<p>Prendre ensuite un peu de hauteur pour sortir de la for\u00eat de m\u00e9l\u00e8zes o\u00f9 r\u00e8gne le t\u00e9tras-lyre ! Et d\u00e9couvrir rapidement la petite cabane du vallon de la Boucharde, id\u00e9ale pour se poser pour le d\u00e9jeuner. Et plein de bonnes choses \u00e0 partager, comme souvent !<\/p>\n<p>Merci en particulier \u00e0 Anne-Marie pour son jambon cru, \u00e0 No\u00eblle pour son chocolat \u00e0 l&rsquo;abricot, \u00e0 Betty pour son Limoncello maison, \u00e0 Alain pour son g\u00e2teau et son caf\u00e9 ! Et puis l&rsquo;heure du choix, et certains n&rsquo;h\u00e9siteront pas \u00e0 braver quelques pentes suppl\u00e9mentaires sur la digestion pour parvenir au Col de la Boucharde, aux portes des Alpes de Hautes Provence.<\/p>\n<p>Descentes ludiques \u00e0 l&rsquo;honneur ensuite, parfois sur les fesses ! Le groupe retrouv\u00e9, c&rsquo;est une neige tr\u00e8s agr\u00e9able qui nous attendra pour sillonner le vallon, en se laissant porter par le bruit de la rivi\u00e8re qui compl\u00e8te la d\u00e9contraction de la sieste ! Et une nouvelle pause tr\u00e8s agr\u00e9able aux cabanes de Sanguini\u00e8re, le temps d&rsquo;une pause go\u00fbter, et le plaisir de se sentir seuls en montagne dans les plus belles lumi\u00e8res de l&rsquo;apr\u00e8s-midi.<\/p>\n<p>Et d\u00e9j\u00e0 l&rsquo;envie de revenir pour un week-end complet dans cette vall\u00e9e loin de tout, la plus sauvage de France.<\/p>\n<p>Merci \u00e0 Ga\u00ebl pour les photos.<\/p>\n<p>Fabrice, Guide Terres d&rsquo;Emotions, Accompagnateur en Montagne.&nbsp;<\/p>\n<p>&nbsp;<\/p>\nngg_shortcode_0_placeholder\n<p><!-- Global site tag (gtag.js) - Google Analytics --><\/p>\n<p>&nbsp;<\/p>\n","protected":false},"excerpt":{"rendered":"<p>Quelques centaines de m\u00e8tres sur la route enneig\u00e9e pour longer ensuite le vallon tr\u00e8s bucolique le long de la rivi\u00e8re et parvenir ainsi aux cabanes de Sanguini\u00e8re. Certains n&rsquo;h\u00e9siteront pas \u00e0 rev\u00eatir le tee-shirt pour honorer ces conditions tr\u00e8s printani\u00e8res.<\/p>\n","protected":false},"author":1,"featured_media":7815,"comment_status":"open","ping_status":"open","sticky":false,"template":"","format":"standard","meta":{"_bbp_topic_count":0,"_bbp_reply_count":0,"_bbp_total_topic_count":0,"_bbp_total_reply_count":0,"_bbp_voice_count":0,"_bbp_anonymous_reply_count":0,"_bbp_topic_count_hidden":0,"_bbp_reply_count_hidden":0,"_bbp_forum_subforum_count":0,"content-type":"","_exactmetrics_skip_tracking":false,"_exactmetrics_sitenote_active":false,"_exactmetrics_sitenote_note":"","_exactmetrics_sitenote_category":0,"_monsterinsights_skip_tracking":false,"_monsterinsights_sitenote_active":false,"_monsterinsights_sitenote_note":"","_monsterinsights_sitenote_category":0,"ngg_post_thumbnail":0,"_price":"","_stock":"","_tribe_ticket_header":"","_tribe_default_ticket_provider":"","_tribe_ticket_capacity":"0","_ticket_start_date":"","_ticket_end_date":"","_tribe_ticket_show_description":"","_tribe_ticket_show_not_going":false,"_tribe_ticket_use_global_stock":"","_tribe_ticket_global_stock_level":"","_global_stock_mode":"","_global_stock_cap":"","_tribe_rsvp_for_event":"","_tribe_ticket_going_count":"","_tribe_ticket_not_going_count":"","_tribe_tickets_list":"[]","_tribe_ticket_has_attendee_info_fields":false,"_jetpack_memberships_contains_paid_content":false,"footnotes":""},"categories":[3,265,267,39,1],"tags":[372,300],"class_list":["post-7813","post","type-post","status-publish","format-standard","has-post-thumbnail","hentry","category-haute-vallee-du-var","category-les-niveaux","category-niveau-2","category-raquettes-a-neige","category-vallee-du-var","tag-panorama","tag-terres-demotions"],"jetpack_featured_media_url":"https:\/\/terresdemotions.fr\/wp-content\/uploads\/2019\/03\/20190303_140407-scaled.jpg","jetpack_sharing_enabled":true,"_links":{"self":[{"href":"https:\/\/terresdemotions.fr\/index.php\/wp-json\/wp\/v2\/posts\/7813","targetHints":{"allow":["GET"]}}],"collection":[{"href":"https:\/\/terresdemotions.fr\/index.php\/wp-json\/wp\/v2\/posts"}],"about":[{"href":"https:\/\/terresdemotions.fr\/index.php\/wp-json\/wp\/v2\/types\/post"}],"author":[{"embeddable":true,"href":"https:\/\/terresdemotions.fr\/index.php\/wp-json\/wp\/v2\/users\/1"}],"replies":[{"embeddable":true,"href":"https:\/\/terresdemotions.fr\/index.php\/wp-json\/wp\/v2\/comments?post=7813"}],"version-history":[{"count":4,"href":"https:\/\/terresdemotions.fr\/index.php\/wp-json\/wp\/v2\/posts\/7813\/revisions"}],"predecessor-version":[{"id":8060,"href":"https:\/\/terresdemotions.fr\/index.php\/wp-json\/wp\/v2\/posts\/7813\/revisions\/8060"}],"wp:featuredmedia":[{"embeddable":true,"href":"https:\/\/terresdemotions.fr\/index.php\/wp-json\/wp\/v2\/media\/7815"}],"wp:attachment":[{"href":"https:\/\/terresdemotions.fr\/index.php\/wp-json\/wp\/v2\/media?parent=7813"}],"wp:term":[{"taxonomy":"category","embeddable":true,"href":"https:\/\/terresdemotions.fr\/index.php\/wp-json\/wp\/v2\/categories?post=7813"},{"taxonomy":"post_tag","embeddable":true,"href":"https:\/\/terresdemotions.fr\/index.php\/wp-json\/wp\/v2\/tags?post=7813"}],"curies":[{"name":"wp","href":"https:\/\/api.w.org\/{rel}","templated":true}]}}