{"id":7946,"date":"2019-03-10T22:32:56","date_gmt":"2019-03-10T21:32:56","guid":{"rendered":"http:\/\/terresdemotions.fr\/?p=7946"},"modified":"2019-09-08T22:40:39","modified_gmt":"2019-09-08T20:40:39","slug":"apricale-baiardo-ambiance-ligurienne","status":"publish","type":"post","link":"https:\/\/terresdemotions.fr\/index.php\/2019\/03\/10\/apricale-baiardo-ambiance-ligurienne\/","title":{"rendered":"Apricale -Baiardo &#8211; Ambiance ligurienne"},"content":{"rendered":"<p>m<\/p>\n<h2><a href=\"https:\/\/www.eventbrite.fr\/e\/billets-programme-clubrando06-2018-9958402851?ref=ebtn\" target=\"_blank\" rel=\"noopener noreferrer\"><img decoding=\"async\" src=\"https:\/\/www.eventbrite.fr\/custombutton?eid=9958402851\" alt=\"Eventbrite - Programme clubrando06 : 2018\"><\/a><\/h2>\n<h2 class=\"tribe-events-single-event-title\">Apricale -Baiardo &#8211; Ambiance ligurienne<\/h2>\n<p>Premi\u00e8re incursion en territoire italien cette ann\u00e9e. En non des moindres puisque Terres d&rsquo;Emotions est pr\u00e9sent \u00e0 Apricale, un des plus beaux villages ligure. Ce village a \u00e9t\u00e9 \u00e9galement fran\u00e7ais de 1783 &#8211; date de cr\u00e9ation des Alpes- Maritimes qui s&rsquo;\u00e9tendait copieusement en Ligurie &#8211; jusqu&rsquo;en 1815.<\/p>\n<p>Nous entamons la mont\u00e9e au dessus du village pour d\u00e9boucher sur la ligne de cr\u00eate qui nous m\u00e8nera \u00e0 Bairado. La montagne est peupl\u00e9e d&rsquo;oliviers mais aussi de mimosas en fleur (bien plus tardif que dans les AM).<\/p>\n<p>Arriv\u00e9s sur la ligne de cr\u00eate, le sentier bien que parfois hasardeux navigue entre ubac et adret, dans la foret ou a d\u00e9couvert. Le paysage n&rsquo;est pas en reste puisque nous faisons face directement au mont Torragio et aussi au loin aux montagnes enneig\u00e9es de corne de bouc, du petit Capelet et de la cime du Diable.<\/p>\n<p>Derni\u00e8re mont\u00e9e de 150 m pour arriver avant le d\u00e9jeuner \u00e0 Baiardo. La mont\u00e9e au village est rude, mais le spectacle au sommet est grandiose. Nous nous arr\u00eatons \u00e0 l&rsquo;\u00e9glise San Nicolo t\u00e9moin d&rsquo;un tremblement de terres en 1887 et dont le toit s&rsquo;est effondr\u00e9 sur le fid\u00e8le. Un bilan humain d\u00e9sastreux. Les vestiges tout en pierre sont l\u00e0 pour nous le rappeler. Quoiqu&rsquo;il en soit la vue sur les vall\u00e9es environnantes est prenante. Pour compl\u00e9ter un petit survol en drone pour donner un meilleur aper\u00e7u des lieux. Les vid\u00e9os disponible prochainement.&nbsp;<\/p>\n<p>Descente plus ou moins par le m\u00eame chemin pour finir en fin d&rsquo;apr\u00e8s midi en terrasse devant un chocolat fa\u00e7on italien et un petit caf\u00e9.<\/p>\n<p>Une exp\u00e9rience Italienne \u00e0 renouveler.<\/p>\n<p>Yohann, Guide Terres d&rsquo;Emotions, Accompagnateur en Montagne.<\/p>\n<p>&nbsp;<\/p>\n<p>ngg_shortcode_0_placeholder<!-- Global site tag (gtag.js) - Google Analytics --><\/p>\n<p>&nbsp;<\/p>\n","protected":false},"excerpt":{"rendered":"<p>Premi\u00e8re incursion en territoire italien cette ann\u00e9e. En non des moindres puisque Terres d&rsquo;Emotions est pr\u00e9sent \u00e0 Apricale, un des plus beaux village ligure. Ce village a \u00e9t\u00e9 \u00e9galement fran\u00e7ais de 1783 &#8211; date de cr\u00e9ation des Alpes- Maritimes qui s&rsquo;\u00e9tendait copieusement en Ligurie &#8211; jusqu&rsquo;en 1815.<\/p>\n","protected":false},"author":1,"featured_media":7952,"comment_status":"open","ping_status":"open","sticky":false,"template":"","format":"standard","meta":{"_bbp_topic_count":0,"_bbp_reply_count":0,"_bbp_total_topic_count":0,"_bbp_total_reply_count":0,"_bbp_voice_count":0,"_bbp_anonymous_reply_count":0,"_bbp_topic_count_hidden":0,"_bbp_reply_count_hidden":0,"_bbp_forum_subforum_count":0,"content-type":"","_exactmetrics_skip_tracking":false,"_exactmetrics_sitenote_active":false,"_exactmetrics_sitenote_note":"","_exactmetrics_sitenote_category":0,"_monsterinsights_skip_tracking":false,"_monsterinsights_sitenote_active":false,"_monsterinsights_sitenote_note":"","_monsterinsights_sitenote_category":0,"ngg_post_thumbnail":0,"_price":"","_stock":"","_tribe_ticket_header":"","_tribe_default_ticket_provider":"","_tribe_ticket_capacity":"0","_ticket_start_date":"","_ticket_end_date":"","_tribe_ticket_show_description":"","_tribe_ticket_show_not_going":false,"_tribe_ticket_use_global_stock":"","_tribe_ticket_global_stock_level":"","_global_stock_mode":"","_global_stock_cap":"","_tribe_rsvp_for_event":"","_tribe_ticket_going_count":"","_tribe_ticket_not_going_count":"","_tribe_tickets_list":"[]","_tribe_ticket_has_attendee_info_fields":false,"_jetpack_memberships_contains_paid_content":false,"footnotes":""},"categories":[181,265,268],"tags":[372,300],"class_list":["post-7946","post","type-post","status-publish","format-standard","has-post-thumbnail","hentry","category-italie","category-les-niveaux","category-niveau-3","tag-panorama","tag-terres-demotions"],"jetpack_featured_media_url":"https:\/\/terresdemotions.fr\/wp-content\/uploads\/2019\/03\/DJI_0795-scaled.jpg","jetpack_sharing_enabled":true,"_links":{"self":[{"href":"https:\/\/terresdemotions.fr\/index.php\/wp-json\/wp\/v2\/posts\/7946","targetHints":{"allow":["GET"]}}],"collection":[{"href":"https:\/\/terresdemotions.fr\/index.php\/wp-json\/wp\/v2\/posts"}],"about":[{"href":"https:\/\/terresdemotions.fr\/index.php\/wp-json\/wp\/v2\/types\/post"}],"author":[{"embeddable":true,"href":"https:\/\/terresdemotions.fr\/index.php\/wp-json\/wp\/v2\/users\/1"}],"replies":[{"embeddable":true,"href":"https:\/\/terresdemotions.fr\/index.php\/wp-json\/wp\/v2\/comments?post=7946"}],"version-history":[{"count":13,"href":"https:\/\/terresdemotions.fr\/index.php\/wp-json\/wp\/v2\/posts\/7946\/revisions"}],"predecessor-version":[{"id":9282,"href":"https:\/\/terresdemotions.fr\/index.php\/wp-json\/wp\/v2\/posts\/7946\/revisions\/9282"}],"wp:featuredmedia":[{"embeddable":true,"href":"https:\/\/terresdemotions.fr\/index.php\/wp-json\/wp\/v2\/media\/7952"}],"wp:attachment":[{"href":"https:\/\/terresdemotions.fr\/index.php\/wp-json\/wp\/v2\/media?parent=7946"}],"wp:term":[{"taxonomy":"category","embeddable":true,"href":"https:\/\/terresdemotions.fr\/index.php\/wp-json\/wp\/v2\/categories?post=7946"},{"taxonomy":"post_tag","embeddable":true,"href":"https:\/\/terresdemotions.fr\/index.php\/wp-json\/wp\/v2\/tags?post=7946"}],"curies":[{"name":"wp","href":"https:\/\/api.w.org\/{rel}","templated":true}]}}