{"id":8062,"date":"2019-03-25T19:28:04","date_gmt":"2019-03-25T18:28:04","guid":{"rendered":"http:\/\/terresdemotions.fr\/?p=8062"},"modified":"2019-04-23T07:28:37","modified_gmt":"2019-04-23T05:28:37","slug":"cap-canaille-falaises-soubeyranes-13","status":"publish","type":"post","link":"https:\/\/terresdemotions.fr\/index.php\/2019\/03\/25\/cap-canaille-falaises-soubeyranes-13\/","title":{"rendered":"Cap Canaille &#8211; Falaises Soubeyranes (13)"},"content":{"rendered":"<h2><a href=\"https:\/\/www.eventbrite.fr\/e\/billets-programme-clubrando06-2018-9958402851?ref=ebtn\" target=\"_blank\" rel=\"noopener noreferrer\"><img decoding=\"async\" src=\"https:\/\/www.eventbrite.fr\/custombutton?eid=9958402851\" alt=\"Eventbrite - Programme clubrando06 : 2018\"><\/a><\/h2>\n<h2 class=\"tribe-events-single-event-title\">Cap Canaille &#8211; Falaises Soubeyranes (13)<\/h2>\n<p>Une m\u00e9t\u00e9o digne du mois de Juin pour nous accueillir dans le Parc National des Calanques, sur les hauteurs de Cassis, avec la c\u00e9l\u00e8bre Route des Cr\u00eates.<\/p>\n<p>Et d&rsquo;entr\u00e9e, le ton est donn\u00e9e avec un paysage surprenant \u00e0 quelques m\u00e8tres du parking. Sur le fil de la cr\u00eate de la plus haute falaise d&rsquo;Europe sur la mer ensuite, face aux Calanques de Cassis \u00e0 Marseille. Sans oublier, les \u00eeles du Riou, l&rsquo;Ile Plane et l&rsquo;Ile de Jarre.<\/p>\n<p>Tr\u00e8s souvent, l&rsquo;\u00e9motion de la verticalit\u00e9 sur la mer, et le plaisir des eaux turquoises, plus de 300 m\u00e8tres plus bas ! Prendre le temps d&rsquo;\u00e9voluer entre les floraisons des cistes et du romarin.<\/p>\n<p>Et quelques anecdotes locales plut\u00f4t croustillantes gr\u00e2ce \u00e0 Laurence ! Plus loin, c&rsquo;est la surprise de d\u00e9couvrir une partie du littoral varois, et de tr\u00e8s bons souvenirs de randonn\u00e9e, avec le Cap Sici\u00e9, les iles des Embiez, Sanary sur Mer, le Pic de Bertagne, la Sainte Beaume, &#8230;<\/p>\n<p>Une grande chaleur pour prendre le temps d&rsquo;une pause d\u00e9jeuner contemplative. Et le retour par le m\u00eame itin\u00e9raire nous laissera profiter des plus belles lumi\u00e8res de l&rsquo;apr\u00e8s midi. Une curieuse t\u00eate d&rsquo;\u00e9l\u00e9phant au passage. Et l&rsquo;envie d&rsquo;une escapade en fin de randonn\u00e9e \u00e0 Cassis en pleine effervescence.<\/p>\n<p>L&rsquo;envie de retrouver tr\u00e8s prochainement ce secteur du Parc National des Calanques avec un de ses sommets dominant : Marseilleveyre et un regard nouveau sur la zone.<\/p>\n<p>Rendez-vous prochainement avec le programme de printemps.<\/p>\n<p>Fabrice, Guide Terres d&rsquo;Emotions, Accompagnateur en Montagne.<\/p>\n<p>&nbsp;<\/p>\n<p>ngg_shortcode_0_placeholder<!-- Global site tag (gtag.js) - Google Analytics --><\/p>\n<p>&nbsp;<\/p>\n","protected":false},"excerpt":{"rendered":"<p>Une m\u00e9t\u00e9o digne du mois de Juin pour nous accueillir dans le Parc National des Calanques, sur les hauteurs de Cassis, avec la c\u00e9l\u00e8bre Route des Cr\u00eates.<\/p>\n","protected":false},"author":1,"featured_media":8066,"comment_status":"open","ping_status":"open","sticky":false,"template":"","format":"standard","meta":{"_bbp_topic_count":0,"_bbp_reply_count":0,"_bbp_total_topic_count":0,"_bbp_total_reply_count":0,"_bbp_voice_count":0,"_bbp_anonymous_reply_count":0,"_bbp_topic_count_hidden":0,"_bbp_reply_count_hidden":0,"_bbp_forum_subforum_count":0,"content-type":"","_exactmetrics_skip_tracking":false,"_exactmetrics_sitenote_active":false,"_exactmetrics_sitenote_note":"","_exactmetrics_sitenote_category":0,"_monsterinsights_skip_tracking":false,"_monsterinsights_sitenote_active":false,"_monsterinsights_sitenote_note":"","_monsterinsights_sitenote_category":0,"ngg_post_thumbnail":0,"_price":"","_stock":"","_tribe_ticket_header":"","_tribe_default_ticket_provider":"","_tribe_ticket_capacity":"0","_ticket_start_date":"","_ticket_end_date":"","_tribe_ticket_show_description":"","_tribe_ticket_show_not_going":false,"_tribe_ticket_use_global_stock":"","_tribe_ticket_global_stock_level":"","_global_stock_mode":"","_global_stock_cap":"","_tribe_rsvp_for_event":"","_tribe_ticket_going_count":"","_tribe_ticket_not_going_count":"","_tribe_tickets_list":"[]","_tribe_ticket_has_attendee_info_fields":false,"_jetpack_memberships_contains_paid_content":false,"footnotes":""},"categories":[180,265,267],"tags":[302,372,300],"class_list":["post-8062","post","type-post","status-publish","format-standard","has-post-thumbnail","hentry","category-departements-83-13","category-les-niveaux","category-niveau-2","tag-calanques","tag-panorama","tag-terres-demotions"],"jetpack_featured_media_url":"https:\/\/terresdemotions.fr\/wp-content\/uploads\/2019\/03\/DSC_0607-scaled.jpg","jetpack_sharing_enabled":true,"_links":{"self":[{"href":"https:\/\/terresdemotions.fr\/index.php\/wp-json\/wp\/v2\/posts\/8062","targetHints":{"allow":["GET"]}}],"collection":[{"href":"https:\/\/terresdemotions.fr\/index.php\/wp-json\/wp\/v2\/posts"}],"about":[{"href":"https:\/\/terresdemotions.fr\/index.php\/wp-json\/wp\/v2\/types\/post"}],"author":[{"embeddable":true,"href":"https:\/\/terresdemotions.fr\/index.php\/wp-json\/wp\/v2\/users\/1"}],"replies":[{"embeddable":true,"href":"https:\/\/terresdemotions.fr\/index.php\/wp-json\/wp\/v2\/comments?post=8062"}],"version-history":[{"count":8,"href":"https:\/\/terresdemotions.fr\/index.php\/wp-json\/wp\/v2\/posts\/8062\/revisions"}],"predecessor-version":[{"id":8493,"href":"https:\/\/terresdemotions.fr\/index.php\/wp-json\/wp\/v2\/posts\/8062\/revisions\/8493"}],"wp:featuredmedia":[{"embeddable":true,"href":"https:\/\/terresdemotions.fr\/index.php\/wp-json\/wp\/v2\/media\/8066"}],"wp:attachment":[{"href":"https:\/\/terresdemotions.fr\/index.php\/wp-json\/wp\/v2\/media?parent=8062"}],"wp:term":[{"taxonomy":"category","embeddable":true,"href":"https:\/\/terresdemotions.fr\/index.php\/wp-json\/wp\/v2\/categories?post=8062"},{"taxonomy":"post_tag","embeddable":true,"href":"https:\/\/terresdemotions.fr\/index.php\/wp-json\/wp\/v2\/tags?post=8062"}],"curies":[{"name":"wp","href":"https:\/\/api.w.org\/{rel}","templated":true}]}}