{"id":8462,"date":"2019-04-22T21:34:00","date_gmt":"2019-04-22T19:34:00","guid":{"rendered":"http:\/\/terresdemotions.fr\/?p=8462"},"modified":"2019-05-26T22:20:30","modified_gmt":"2019-05-26T20:20:30","slug":"les-hameaux-de-sauze-vallee-du-var","status":"publish","type":"post","link":"https:\/\/terresdemotions.fr\/index.php\/2019\/04\/22\/les-hameaux-de-sauze-vallee-du-var\/","title":{"rendered":"Les Hameaux de Sauze -Vall\u00e9e du Var"},"content":{"rendered":"<h2><a href=\"https:\/\/www.eventbrite.fr\/e\/billets-programme-clubrando06-2018-9958402851?ref=ebtn\" target=\"_blank\" rel=\"noopener noreferrer\"><img decoding=\"async\" src=\"https:\/\/www.eventbrite.fr\/custombutton?eid=9958402851\" alt=\"Eventbrite - Programme clubrando06 : 2018\"><\/a><\/h2>\n<h2 class=\"tribe-events-single-event-title\">Les Hameaux de Sauze -Vall\u00e9e du Var<\/h2>\n<p>C&rsquo;est le printemps et pourtant, la neige tomb\u00e9e r\u00e9cemment est encore pr\u00e9sente sur les sommets. Les fleurs de montagne trainent \u00e0 \u00e9clore, mais on retrouve toujours les m\u00eames, les h\u00e9patiques, les primev\u00e8res, les gueules de loup&#8230;<\/p>\n<p>A travers cette randonn\u00e9e, c&rsquo;est tous les petits hameaux associ\u00e9s qui sont pass\u00e9s en revue.<\/p>\n<p>Sauze est situ\u00e9 dans l\u2019arri\u00e8re-pays ni\u00e7ois \u00e0 une centaine de kilom\u00e8tres de Nice et \u00e0 1 330 m d&rsquo;altitude.<\/p>\n<p>Les Villetales (Villetales-Haute et Basse et les Blachi\u00e8res), les Selves, le Sauze-Vieux, la Vigiere, les Terrassettes et les Moulins sont des hameaux de la commune.<\/p>\n<p>Le parcours ira jusqu&rsquo;\u00e0 la Roche Trou\u00e9e qui domine la vall\u00e9e du Var.<\/p>\n<p>Daniel Accompagnateur en Montagne Guide Terres d&rsquo;Emotions.<\/p>\nngg_shortcode_0_placeholder\n<p><!-- Global site tag (gtag.js) - Google Analytics --><\/p>\n<p>&nbsp;<\/p>\n","protected":false},"excerpt":{"rendered":"<p>Sauze est situ\u00e9 dans l\u2019arri\u00e8re-pays ni\u00e7ois \u00e0 une centaine de kilom\u00e8tres de Nice et \u00e0 1 330 m d&rsquo;altitude.Les Villetales (Villetales-Haute et Basse et les Blachi\u00e8res), les Selves, le Sauze-Vieux, la Vigiere, les Terrassettes et les Moulins sont des hameaux de la commune.<\/p>\n","protected":false},"author":1,"featured_media":8489,"comment_status":"open","ping_status":"open","sticky":false,"template":"","format":"standard","meta":{"_bbp_topic_count":0,"_bbp_reply_count":0,"_bbp_total_topic_count":0,"_bbp_total_reply_count":0,"_bbp_voice_count":0,"_bbp_anonymous_reply_count":0,"_bbp_topic_count_hidden":0,"_bbp_reply_count_hidden":0,"_bbp_forum_subforum_count":0,"content-type":"","_exactmetrics_skip_tracking":false,"_exactmetrics_sitenote_active":false,"_exactmetrics_sitenote_note":"","_exactmetrics_sitenote_category":0,"_monsterinsights_skip_tracking":false,"_monsterinsights_sitenote_active":false,"_monsterinsights_sitenote_note":"","_monsterinsights_sitenote_category":0,"ngg_post_thumbnail":0,"_price":"","_stock":"","_tribe_ticket_header":"","_tribe_default_ticket_provider":"","_tribe_ticket_capacity":"0","_ticket_start_date":"","_ticket_end_date":"","_tribe_ticket_show_description":"","_tribe_ticket_show_not_going":false,"_tribe_ticket_use_global_stock":"","_tribe_ticket_global_stock_level":"","_global_stock_mode":"","_global_stock_cap":"","_tribe_rsvp_for_event":"","_tribe_ticket_going_count":"","_tribe_ticket_not_going_count":"","_tribe_tickets_list":"[]","_tribe_ticket_has_attendee_info_fields":false,"_jetpack_memberships_contains_paid_content":false,"footnotes":""},"categories":[3,267,1],"tags":[372,300],"class_list":["post-8462","post","type-post","status-publish","format-standard","has-post-thumbnail","hentry","category-haute-vallee-du-var","category-niveau-2","category-vallee-du-var","tag-panorama","tag-terres-demotions"],"jetpack_featured_media_url":"https:\/\/terresdemotions.fr\/wp-content\/uploads\/2019\/04\/DSC_0425-scaled.jpg","jetpack_sharing_enabled":true,"_links":{"self":[{"href":"https:\/\/terresdemotions.fr\/index.php\/wp-json\/wp\/v2\/posts\/8462","targetHints":{"allow":["GET"]}}],"collection":[{"href":"https:\/\/terresdemotions.fr\/index.php\/wp-json\/wp\/v2\/posts"}],"about":[{"href":"https:\/\/terresdemotions.fr\/index.php\/wp-json\/wp\/v2\/types\/post"}],"author":[{"embeddable":true,"href":"https:\/\/terresdemotions.fr\/index.php\/wp-json\/wp\/v2\/users\/1"}],"replies":[{"embeddable":true,"href":"https:\/\/terresdemotions.fr\/index.php\/wp-json\/wp\/v2\/comments?post=8462"}],"version-history":[{"count":7,"href":"https:\/\/terresdemotions.fr\/index.php\/wp-json\/wp\/v2\/posts\/8462\/revisions"}],"predecessor-version":[{"id":8662,"href":"https:\/\/terresdemotions.fr\/index.php\/wp-json\/wp\/v2\/posts\/8462\/revisions\/8662"}],"wp:featuredmedia":[{"embeddable":true,"href":"https:\/\/terresdemotions.fr\/index.php\/wp-json\/wp\/v2\/media\/8489"}],"wp:attachment":[{"href":"https:\/\/terresdemotions.fr\/index.php\/wp-json\/wp\/v2\/media?parent=8462"}],"wp:term":[{"taxonomy":"category","embeddable":true,"href":"https:\/\/terresdemotions.fr\/index.php\/wp-json\/wp\/v2\/categories?post=8462"},{"taxonomy":"post_tag","embeddable":true,"href":"https:\/\/terresdemotions.fr\/index.php\/wp-json\/wp\/v2\/tags?post=8462"}],"curies":[{"name":"wp","href":"https:\/\/api.w.org\/{rel}","templated":true}]}}