{"id":8588,"date":"2019-05-12T23:53:00","date_gmt":"2019-05-12T21:53:00","guid":{"rendered":"http:\/\/terresdemotions.fr\/?p=8588"},"modified":"2019-09-08T22:39:18","modified_gmt":"2019-09-08T20:39:18","slug":"tete-de-travers-vallee-du-var-col-du-fa","status":"publish","type":"post","link":"https:\/\/terresdemotions.fr\/index.php\/2019\/05\/12\/tete-de-travers-vallee-du-var-col-du-fa\/","title":{"rendered":"T\u00eate de Travers, Vall\u00e9e du Var, Col du Fa"},"content":{"rendered":"<h2><a href=\"https:\/\/www.eventbrite.fr\/e\/billets-programme-clubrando06-2018-9958402851?ref=ebtn\" target=\"_blank\" rel=\"noopener noreferrer\"><img decoding=\"async\" src=\"https:\/\/www.eventbrite.fr\/custombutton?eid=9958402851\" alt=\"Eventbrite - Programme clubrando06 : 2018\"><\/a><\/h2>\n<h1 class=\"tribe-events-single-event-title\">T\u00eate de Travers, Vall\u00e9e du Var, Col du Fa<\/h1>\n<p>La route est longue pour monter au col du Fa, surtout que celle-ci se termine par une piste !<\/p>\n<p>Une fois les voitures gar\u00e9es, c&rsquo;est parti pour l&rsquo;ascension de la T\u00eate de travers. Le sentier emprunte d&rsquo;abord un sentier forestier puis les pins se faisant plus rares laissent la place \u00e0 une pelouse rase.<\/p>\n<p>La mont\u00e9e se fait en zig zag histoire de garder de l\u2019\u00e9nergie pour l\u2019ascension finale. Le vent se l\u00e8ve peu \u00e0 peu, mais reste en retrait des cr\u00eates, et se concentre sous les pentes.<\/p>\n<p>Un chamois fait une apparition. Les fleures nombreuses t\u00e9moignent de l&rsquo;arriv\u00e9e du printemps en altitude. La neige r\u00e9cemment fondue laisse apparaitre une prairie qui se reverdit peu \u00e0 peu. Fritillaire, myosotis, crocus, p\u00e9diculaire, gentiane etc&#8230;. font parti du package en ce mois de mai.<\/p>\n<p>La vue au sommet de la t\u00eate de travers reste exceptionnelle, avec en point de mire, le mont St Honorat, Le grand Coyer, le Parc du Mercantour enneig\u00e9 au loin, Le Haut Verdon, le Haut Var.<\/p>\n<p>Agr\u00e9ment\u00e9 de plusieurs pauses durant le parcours, et d&rsquo;un rythme adapt\u00e9, le parcours a su \u00eatre appr\u00e9ci\u00e9 de tous.<\/p>\n<p>Yohann Accompagnateur en Montagne Guide Terres d&rsquo;Emotions.<br \/>\n<iframe loading=\"lazy\" src=\"https:\/\/www.youtube.com\/embed\/trQPKtsgmZ0\" allowfullscreen=\"allowfullscreen\" width=\"560\" height=\"315\" frameborder=\"0\"><\/iframe><\/p>\nngg_shortcode_0_placeholder\n<p>&nbsp;<\/p>\n<p><!-- Global site tag (gtag.js) - Google Analytics --><\/p>\n<p>&nbsp;<\/p>\n","protected":false},"excerpt":{"rendered":"<p>Un chamois fait une apparition. Les fleures nombreuses t\u00e9moignent de l&rsquo;arriv\u00e9e du printemps en altitude. La neige r\u00e9cemment fondue laisse apparaitre une prairie qui se reverdit peu \u00e0 peu. Fritillaire, myosotis, crocus, p\u00e9diculaire, gentiane etc&#8230;. font parti du package en ce moi de mai.<\/p>\n","protected":false},"author":1,"featured_media":8592,"comment_status":"open","ping_status":"open","sticky":false,"template":"","format":"standard","meta":{"_bbp_topic_count":0,"_bbp_reply_count":0,"_bbp_total_topic_count":0,"_bbp_total_reply_count":0,"_bbp_voice_count":0,"_bbp_anonymous_reply_count":0,"_bbp_topic_count_hidden":0,"_bbp_reply_count_hidden":0,"_bbp_forum_subforum_count":0,"content-type":"","_exactmetrics_skip_tracking":false,"_exactmetrics_sitenote_active":false,"_exactmetrics_sitenote_note":"","_exactmetrics_sitenote_category":0,"_monsterinsights_skip_tracking":false,"_monsterinsights_sitenote_active":false,"_monsterinsights_sitenote_note":"","_monsterinsights_sitenote_category":0,"ngg_post_thumbnail":0,"_price":"","_stock":"","_tribe_ticket_header":"","_tribe_default_ticket_provider":"","_tribe_ticket_capacity":"0","_ticket_start_date":"","_ticket_end_date":"","_tribe_ticket_show_description":"","_tribe_ticket_show_not_going":false,"_tribe_ticket_use_global_stock":"","_tribe_ticket_global_stock_level":"","_global_stock_mode":"","_global_stock_cap":"","_tribe_rsvp_for_event":"","_tribe_ticket_going_count":"","_tribe_ticket_not_going_count":"","_tribe_tickets_list":"[]","_tribe_ticket_has_attendee_info_fields":false,"_jetpack_memberships_contains_paid_content":false,"footnotes":""},"categories":[3,268],"tags":[372,300],"class_list":["post-8588","post","type-post","status-publish","format-standard","has-post-thumbnail","hentry","category-haute-vallee-du-var","category-niveau-3","tag-panorama","tag-terres-demotions"],"jetpack_featured_media_url":"https:\/\/terresdemotions.fr\/wp-content\/uploads\/2019\/05\/20190512_124714-scaled.jpg","jetpack_sharing_enabled":true,"_links":{"self":[{"href":"https:\/\/terresdemotions.fr\/index.php\/wp-json\/wp\/v2\/posts\/8588","targetHints":{"allow":["GET"]}}],"collection":[{"href":"https:\/\/terresdemotions.fr\/index.php\/wp-json\/wp\/v2\/posts"}],"about":[{"href":"https:\/\/terresdemotions.fr\/index.php\/wp-json\/wp\/v2\/types\/post"}],"author":[{"embeddable":true,"href":"https:\/\/terresdemotions.fr\/index.php\/wp-json\/wp\/v2\/users\/1"}],"replies":[{"embeddable":true,"href":"https:\/\/terresdemotions.fr\/index.php\/wp-json\/wp\/v2\/comments?post=8588"}],"version-history":[{"count":10,"href":"https:\/\/terresdemotions.fr\/index.php\/wp-json\/wp\/v2\/posts\/8588\/revisions"}],"predecessor-version":[{"id":9277,"href":"https:\/\/terresdemotions.fr\/index.php\/wp-json\/wp\/v2\/posts\/8588\/revisions\/9277"}],"wp:featuredmedia":[{"embeddable":true,"href":"https:\/\/terresdemotions.fr\/index.php\/wp-json\/wp\/v2\/media\/8592"}],"wp:attachment":[{"href":"https:\/\/terresdemotions.fr\/index.php\/wp-json\/wp\/v2\/media?parent=8588"}],"wp:term":[{"taxonomy":"category","embeddable":true,"href":"https:\/\/terresdemotions.fr\/index.php\/wp-json\/wp\/v2\/categories?post=8588"},{"taxonomy":"post_tag","embeddable":true,"href":"https:\/\/terresdemotions.fr\/index.php\/wp-json\/wp\/v2\/tags?post=8588"}],"curies":[{"name":"wp","href":"https:\/\/api.w.org\/{rel}","templated":true}]}}