{"id":9343,"date":"2019-09-16T21:15:04","date_gmt":"2019-09-16T19:15:04","guid":{"rendered":"http:\/\/terresdemotions.fr\/?p=9343"},"modified":"2019-09-16T21:29:47","modified_gmt":"2019-09-16T19:29:47","slug":"15-09-les-cretes-de-lere-glaciere-du-vallon-de-cairos","status":"publish","type":"post","link":"https:\/\/terresdemotions.fr\/index.php\/2019\/09\/16\/15-09-les-cretes-de-lere-glaciere-du-vallon-de-cairos\/","title":{"rendered":"Les cr\u00eates de l&rsquo;\u00e8re glaci\u00e8re du vallon de Ca\u00efros"},"content":{"rendered":"<h2><a href=\"https:\/\/www.eventbrite.fr\/e\/billets-programme-clubrando06-2018-9958402851?ref=ebtn\" target=\"_blank\" rel=\"noopener noreferrer\"><img decoding=\"async\" src=\"https:\/\/www.eventbrite.fr\/custombutton?eid=9958402851\" alt=\"Eventbrite - Programme clubrando06 : 2018\"><\/a><\/h2>\n<h1 class=\"tribe-events-single-event-title\">Les cr\u00eates de l&rsquo;\u00e8re glaci\u00e8re du vallon de Ca\u00efros<\/h1>\n<p>Qui de mieux que Terres d&rsquo;\u00e9motions pour vous faire d\u00e9couvrir des endroits insoup\u00e7onn\u00e9s. C&rsquo;\u00e9tait ce Dimanche, pour partir \u00e0 la d\u00e9couverte de ce que nous \u00e0 l\u00e9guer les derniers glaciers de Ca\u00efros et de la C\u00e9va. Une configuration atypique, magnifique r\u00e9v\u00e9lant les paysages du Parc du Mercantour. Pour cela, il faut sortir des sentier battus. Oser prendre de l&rsquo;altitude pour que la d\u00e9nivel\u00e9e soit abordable. Oser s\u2019aventurer sur des petites sentes connues des brebis (mais aussi de terres d&rsquo;\u00e9motions), pour s&rsquo;extasier sur les lignes de cr\u00eates et porter son regard sur le Mont Bego, le Mont Macruera, le Torragio, le Mont Bertrand, le ch\u00e2teau de Malmort, Saorge et la vall\u00e9e de la Bendola. Une vue plongeante du vallon de Cairos \u00e0 l&rsquo;Authion, th\u00e9\u00e2tre de multiples affrontements depuis la nuit des temps.&nbsp; Une randonn\u00e9e estivale, ponctu\u00e9e de quelques gourmandises savoureuses (m\u00fbres), de pins aux figures \u00e9tonnantes, d&rsquo;insectes en vadrouille dans leur environnement.Et surtout un calme absolu loin de l&rsquo;agitation habituelle, seul dans les montagne aspirant \u00e0 la m\u00e9ditation.<\/p>\n<p>Merci \u00e0 Yasmina pour les magnifiques photos<\/p>\n<p>Yohann Accompagnateur en Montagne, Guide Terres d&rsquo;Emotions.<\/p>\nngg_shortcode_0_placeholder\n<p><!-- Global site tag (gtag.js) - Google Analytics --><\/p>\n<p>&nbsp;<\/p>\n","protected":false},"excerpt":{"rendered":"<p>Qui de mieux que Terres d&rsquo;\u00e9motions pour vous faire d\u00e9couvrir des endroits insoup\u00e7onn\u00e9s. C&rsquo;\u00e9tait ce Dimanche, pour partir \u00e0 la d\u00e9couverte de ce que nous \u00e0 l\u00e9guer les derniers glaciers de Ca\u00efros et de la C\u00e9va.<\/p>\n","protected":false},"author":1,"featured_media":9347,"comment_status":"open","ping_status":"open","sticky":false,"template":"","format":"standard","meta":{"_bbp_topic_count":0,"_bbp_reply_count":0,"_bbp_total_topic_count":0,"_bbp_total_reply_count":0,"_bbp_voice_count":0,"_bbp_anonymous_reply_count":0,"_bbp_topic_count_hidden":0,"_bbp_reply_count_hidden":0,"_bbp_forum_subforum_count":0,"content-type":"","_exactmetrics_skip_tracking":false,"_exactmetrics_sitenote_active":false,"_exactmetrics_sitenote_note":"","_exactmetrics_sitenote_category":0,"_monsterinsights_skip_tracking":false,"_monsterinsights_sitenote_active":false,"_monsterinsights_sitenote_note":"","_monsterinsights_sitenote_category":0,"ngg_post_thumbnail":0,"_price":"","_stock":"","_tribe_ticket_header":"","_tribe_default_ticket_provider":"","_tribe_ticket_capacity":"0","_ticket_start_date":"","_ticket_end_date":"","_tribe_ticket_show_description":"","_tribe_ticket_show_not_going":false,"_tribe_ticket_use_global_stock":"","_tribe_ticket_global_stock_level":"","_global_stock_mode":"","_global_stock_cap":"","_tribe_rsvp_for_event":"","_tribe_ticket_going_count":"","_tribe_ticket_not_going_count":"","_tribe_tickets_list":"[]","_tribe_ticket_has_attendee_info_fields":false,"_jetpack_memberships_contains_paid_content":false,"footnotes":""},"categories":[37,267,9],"tags":[372,300],"class_list":["post-9343","post","type-post","status-publish","format-standard","has-post-thumbnail","hentry","category-news","category-niveau-2","category-vallee-de-la-roya","tag-panorama","tag-terres-demotions"],"jetpack_featured_media_url":"https:\/\/terresdemotions.fr\/wp-content\/uploads\/2019\/09\/DJI_0907-scaled.jpg","jetpack_sharing_enabled":true,"_links":{"self":[{"href":"https:\/\/terresdemotions.fr\/index.php\/wp-json\/wp\/v2\/posts\/9343","targetHints":{"allow":["GET"]}}],"collection":[{"href":"https:\/\/terresdemotions.fr\/index.php\/wp-json\/wp\/v2\/posts"}],"about":[{"href":"https:\/\/terresdemotions.fr\/index.php\/wp-json\/wp\/v2\/types\/post"}],"author":[{"embeddable":true,"href":"https:\/\/terresdemotions.fr\/index.php\/wp-json\/wp\/v2\/users\/1"}],"replies":[{"embeddable":true,"href":"https:\/\/terresdemotions.fr\/index.php\/wp-json\/wp\/v2\/comments?post=9343"}],"version-history":[{"count":13,"href":"https:\/\/terresdemotions.fr\/index.php\/wp-json\/wp\/v2\/posts\/9343\/revisions"}],"predecessor-version":[{"id":9357,"href":"https:\/\/terresdemotions.fr\/index.php\/wp-json\/wp\/v2\/posts\/9343\/revisions\/9357"}],"wp:featuredmedia":[{"embeddable":true,"href":"https:\/\/terresdemotions.fr\/index.php\/wp-json\/wp\/v2\/media\/9347"}],"wp:attachment":[{"href":"https:\/\/terresdemotions.fr\/index.php\/wp-json\/wp\/v2\/media?parent=9343"}],"wp:term":[{"taxonomy":"category","embeddable":true,"href":"https:\/\/terresdemotions.fr\/index.php\/wp-json\/wp\/v2\/categories?post=9343"},{"taxonomy":"post_tag","embeddable":true,"href":"https:\/\/terresdemotions.fr\/index.php\/wp-json\/wp\/v2\/tags?post=9343"}],"curies":[{"name":"wp","href":"https:\/\/api.w.org\/{rel}","templated":true}]}}