{"id":9708,"date":"2019-10-27T19:26:50","date_gmt":"2019-10-27T18:26:50","guid":{"rendered":"http:\/\/terresdemotions.fr\/?p=9708"},"modified":"2019-10-27T23:24:08","modified_gmt":"2019-10-27T22:24:08","slug":"26-10-cascades-et-couleurs-dautomne-aux-sources-du-var","status":"publish","type":"post","link":"https:\/\/terresdemotions.fr\/index.php\/2019\/10\/27\/26-10-cascades-et-couleurs-dautomne-aux-sources-du-var\/","title":{"rendered":"Cascades et Couleurs d&rsquo;automne aux Sources du var"},"content":{"rendered":"<h2><a href=\"https:\/\/www.eventbrite.fr\/e\/billets-programme-clubrando06-2018-9958402851?ref=ebtn\" target=\"_blank\" rel=\"noopener noreferrer\"><img decoding=\"async\" src=\"https:\/\/www.eventbrite.fr\/custombutton?eid=9958402851\" alt=\"Eventbrite - Programme clubrando06 : 2018\"><\/a><\/h2>\n<h1 class=\"tribe-events-single-event-title\">Cascades et Couleurs d&rsquo;automne aux Sources du var<\/h1>\n<p>Les couleurs d&rsquo;automne arrivent par le Nord. Les feuillus, \u00e9rables, h\u00eatres changent de couleur, le m\u00e9l\u00e8ze rev\u00eat sa parure dor\u00e9e. Ce samedi un ciel bleu intense vient agr\u00e9menter une journ\u00e9e ensoleill\u00e9e avec un tableau eau, vert, bleu.<\/p>\n<p>Car c&rsquo;est tout le long du var que nous allons aller d&rsquo;Entraunes \u00e0 Estenc d\u00e9couvrir les sources du Var. Le grondement est grand tant le fleuve -torrent est gonfl\u00e9 par les pluies de ces derniers jours. L&rsquo;eau jailli aussi de cascades venant ajouter de l&rsquo;eau au var. Puis nous passons devant la tr\u00e8s belle chevelure de la cascade des gli\u00e8res. Une puissante chute d&rsquo;eau de plus de 40 m.<\/p>\n<p>Les couleurs sont magnifiques. Apr\u00e8s une pause nous remontons le var sur un sentier charg\u00e9 en feuille mortes et d&rsquo;innombrables ruisseaux coulant ci et l\u00e0. Nous passons devant le louiqs en se disant qu&rsquo;au retour nous nous arr\u00eaterons prendre un caf\u00e9 ! A Estenc, le lac magnifiquement bord\u00e9s de feuillus couleurs d&rsquo;automne accueille le var naissant.<\/p>\n<p>Plus que quelques m\u00e8tres et le ruisseau sort subitement et \u00e9tonnamment de dessous les cailloux. C&rsquo;est la source du Var. Et pourtant l&rsquo;eau coule d\u00e9j\u00e0 fortement en amont par le torrent de sanguini\u00e8re. Plusieurs panneaux explicatifs reprennent en photos les 114 km du Var de la source \u00e0 l&#8217;embouchure.<\/p>\n<p>Le d\u00e9jeuner dans l&rsquo;herbe au soleil est appr\u00e9ciable. Au retour nous nous arr\u00eatons au gite des louiqs, un caf\u00e9, un soda, les canards, le dindon et les lapins nous accueillent. Le sentier sans difficult\u00e9 est une vrai promenade de sant\u00e9, un moindre effort, un paysage magnifique o\u00f9 le choix de la randonn\u00e9e aura vraiment \u00e9t\u00e9 raccord avec la saison et la m\u00e9t\u00e9o.<br \/>\n<iframe loading=\"lazy\" src=\"https:\/\/www.youtube.com\/embed\/qzs57rXJauc\" allow=\"accelerometer; autoplay; encrypted-media; gyroscope; picture-in-picture\" allowfullscreen=\"\" width=\"560\" height=\"315\" frameborder=\"0\"><\/iframe><br \/>\nYohann Accompagnateur en Montagne, Guide Terres d&rsquo;Emotions.<\/p>\nngg_shortcode_0_placeholder\n<p><!-- Global site tag (gtag.js) - Google Analytics --><\/p>\n<p>&nbsp;<\/p>\n","protected":false},"excerpt":{"rendered":"<p>Les couleurs d&rsquo;automne arrivent par le Nord. Les feuillus, \u00e9rables, h\u00eatres changent de couleur, le m\u00e9l\u00e8ze rev\u00eat sa parure dor\u00e9e. Ce samedi un ciel bleu intense vient agr\u00e9menter une journ\u00e9e ensoleill\u00e9e avec un tableau eau, vert, bleu.<\/p>\n","protected":false},"author":1,"featured_media":9714,"comment_status":"open","ping_status":"open","sticky":false,"template":"","format":"standard","meta":{"_bbp_topic_count":0,"_bbp_reply_count":0,"_bbp_total_topic_count":0,"_bbp_total_reply_count":0,"_bbp_voice_count":0,"_bbp_anonymous_reply_count":0,"_bbp_topic_count_hidden":0,"_bbp_reply_count_hidden":0,"_bbp_forum_subforum_count":0,"content-type":"","_exactmetrics_skip_tracking":false,"_exactmetrics_sitenote_active":false,"_exactmetrics_sitenote_note":"","_exactmetrics_sitenote_category":0,"_monsterinsights_skip_tracking":false,"_monsterinsights_sitenote_active":false,"_monsterinsights_sitenote_note":"","_monsterinsights_sitenote_category":0,"ngg_post_thumbnail":0,"_price":"","_stock":"","_tribe_ticket_header":"","_tribe_default_ticket_provider":"","_tribe_ticket_capacity":"0","_ticket_start_date":"","_ticket_end_date":"","_tribe_ticket_show_description":"","_tribe_ticket_show_not_going":false,"_tribe_ticket_use_global_stock":"","_tribe_ticket_global_stock_level":"","_global_stock_mode":"","_global_stock_cap":"","_tribe_rsvp_for_event":"","_tribe_ticket_going_count":"","_tribe_ticket_not_going_count":"","_tribe_tickets_list":"[]","_tribe_ticket_has_attendee_info_fields":false,"_jetpack_memberships_contains_paid_content":false,"footnotes":""},"categories":[3,37,266,267,1],"tags":[372,300],"class_list":["post-9708","post","type-post","status-publish","format-standard","has-post-thumbnail","hentry","category-haute-vallee-du-var","category-news","category-niveau-1","category-niveau-2","category-vallee-du-var","tag-panorama","tag-terres-demotions"],"jetpack_featured_media_url":"https:\/\/terresdemotions.fr\/wp-content\/uploads\/2019\/10\/IMG_20191026_130058_6-scaled.jpg","jetpack_sharing_enabled":true,"_links":{"self":[{"href":"https:\/\/terresdemotions.fr\/index.php\/wp-json\/wp\/v2\/posts\/9708","targetHints":{"allow":["GET"]}}],"collection":[{"href":"https:\/\/terresdemotions.fr\/index.php\/wp-json\/wp\/v2\/posts"}],"about":[{"href":"https:\/\/terresdemotions.fr\/index.php\/wp-json\/wp\/v2\/types\/post"}],"author":[{"embeddable":true,"href":"https:\/\/terresdemotions.fr\/index.php\/wp-json\/wp\/v2\/users\/1"}],"replies":[{"embeddable":true,"href":"https:\/\/terresdemotions.fr\/index.php\/wp-json\/wp\/v2\/comments?post=9708"}],"version-history":[{"count":13,"href":"https:\/\/terresdemotions.fr\/index.php\/wp-json\/wp\/v2\/posts\/9708\/revisions"}],"predecessor-version":[{"id":9722,"href":"https:\/\/terresdemotions.fr\/index.php\/wp-json\/wp\/v2\/posts\/9708\/revisions\/9722"}],"wp:featuredmedia":[{"embeddable":true,"href":"https:\/\/terresdemotions.fr\/index.php\/wp-json\/wp\/v2\/media\/9714"}],"wp:attachment":[{"href":"https:\/\/terresdemotions.fr\/index.php\/wp-json\/wp\/v2\/media?parent=9708"}],"wp:term":[{"taxonomy":"category","embeddable":true,"href":"https:\/\/terresdemotions.fr\/index.php\/wp-json\/wp\/v2\/categories?post=9708"},{"taxonomy":"post_tag","embeddable":true,"href":"https:\/\/terresdemotions.fr\/index.php\/wp-json\/wp\/v2\/tags?post=9708"}],"curies":[{"name":"wp","href":"https:\/\/api.w.org\/{rel}","templated":true}]}}